{"id":3328,"date":"2021-03-01T18:06:13","date_gmt":"2021-03-01T17:06:13","guid":{"rendered":"https:\/\/agora.xtec.cat\/ceipjoventutcallus\/?p=3328"},"modified":"2021-03-01T18:06:26","modified_gmt":"2021-03-01T17:06:26","slug":"setmana-de-la-salut-2021-emocions","status":"publish","type":"post","link":"https:\/\/agora.xtec.cat\/ceipjoventutcallus\/cm\/setmana-de-la-salut-2021-emocions\/","title":{"rendered":"Setmana de la salut 2021: EMOCIONS"},"content":{"rendered":"<p>Al llarg de tota la setmana vam realitzar activitats relacionades amb les emocions, tamb\u00e9 amb la relaxaci\u00f3 i la meditaci\u00f3 (el mindfulness). Vam fer una activitat per refor\u00e7ar l&#8217;autoestima: la superestrella.<\/p>\n<p>Si voleu veure les imatges, cliqueu <a href=\"https:\/\/photos.app.goo.gl\/fJYCnyWUy9FKQGk38\">aqu\u00ed.<\/a><\/p>\n","protected":false},"excerpt":{"rendered":"<p>Al llarg de tota la setmana vam realitzar activitats relacionades amb les emocions, tamb\u00e9 amb la relaxaci\u00f3 i la meditaci\u00f3 (el mindfulness). Vam fer una activitat per refor\u00e7ar l&#8217;autoestima: la superestrella.<br \/>\nSi voleu veure les imatges, cliqueu <a href=\"https:\/\/photos.app.goo.gl\/fJYCnyWUy9FKQGk38\">aqu\u00ed.<\/a><\/p>\n","protected":false},"author":7,"featured_media":3329,"comment_status":"open","ping_status":"closed","sticky":false,"template":"","format":"standard","meta":{"_bbp_topic_count":0,"_bbp_reply_count":0,"_bbp_total_topic_count":0,"_bbp_total_reply_count":0,"_bbp_voice_count":0,"_bbp_anonymous_reply_count":0,"_bbp_topic_count_hidden":0,"_bbp_reply_count_hidden":0,"_bbp_forum_subforum_count":0,"footnotes":""},"categories":[62],"tags":[],"class_list":["post-3328","post","type-post","status-publish","format-standard","has-post-thumbnail","hentry","category-cm"],"post_mailing_queue_ids":[],"_links":{"self":[{"href":"https:\/\/agora.xtec.cat\/ceipjoventutcallus\/wp-json\/wp\/v2\/posts\/3328","targetHints":{"allow":["GET"]}}],"collection":[{"href":"https:\/\/agora.xtec.cat\/ceipjoventutcallus\/wp-json\/wp\/v2\/posts"}],"about":[{"href":"https:\/\/agora.xtec.cat\/ceipjoventutcallus\/wp-json\/wp\/v2\/types\/post"}],"author":[{"embeddable":true,"href":"https:\/\/agora.xtec.cat\/ceipjoventutcallus\/wp-json\/wp\/v2\/users\/7"}],"replies":[{"embeddable":true,"href":"https:\/\/agora.xtec.cat\/ceipjoventutcallus\/wp-json\/wp\/v2\/comments?post=3328"}],"version-history":[{"count":1,"href":"https:\/\/agora.xtec.cat\/ceipjoventutcallus\/wp-json\/wp\/v2\/posts\/3328\/revisions"}],"predecessor-version":[{"id":3330,"href":"https:\/\/agora.xtec.cat\/ceipjoventutcallus\/wp-json\/wp\/v2\/posts\/3328\/revisions\/3330"}],"wp:featuredmedia":[{"embeddable":true,"href":"https:\/\/agora.xtec.cat\/ceipjoventutcallus\/wp-json\/wp\/v2\/media\/3329"}],"wp:attachment":[{"href":"https:\/\/agora.xtec.cat\/ceipjoventutcallus\/wp-json\/wp\/v2\/media?parent=3328"}],"wp:term":[{"taxonomy":"category","embeddable":true,"href":"https:\/\/agora.xtec.cat\/ceipjoventutcallus\/wp-json\/wp\/v2\/categories?post=3328"},{"taxonomy":"post_tag","embeddable":true,"href":"https:\/\/agora.xtec.cat\/ceipjoventutcallus\/wp-json\/wp\/v2\/tags?post=3328"}],"curies":[{"name":"wp","href":"https:\/\/api.w.org\/{rel}","templated":true}]}}