{"id":3260,"date":"2021-02-23T20:06:15","date_gmt":"2021-02-23T19:06:15","guid":{"rendered":"https:\/\/agora.xtec.cat\/ceipjoventutcallus\/?p=3260"},"modified":"2021-02-23T20:11:19","modified_gmt":"2021-02-23T19:11:19","slug":"ledat-mitjana-final-de-projecte","status":"publish","type":"post","link":"https:\/\/agora.xtec.cat\/ceipjoventutcallus\/cs\/ledat-mitjana-final-de-projecte\/","title":{"rendered":"L&#8217;Edat Mitjana &#8211; final de projecte"},"content":{"rendered":"<p>Durant el segon trimestre els alumnes de cinqu\u00e8 hem treballat l&#8217;invent que d\u00f3na nom a la nostra classe, emmarcat tamb\u00e9 a l&#8217;edat mitjana.<\/p>\n<p>La classe de cinqu\u00e8 A s&#8217;anomenen La Br\u00faixola.<\/p>\n<p>La classe de cinqu\u00e8 B s&#8217;anomena El Rellotge.<\/p>\n<p>Hem fet una activitat en grup de final de projecte.<\/p>\n<p>&nbsp;<\/p>\n<p><a href=\"https:\/\/photos.app.goo.gl\/tzqDAH3tybJPMqfu5\"><img loading=\"lazy\" decoding=\"async\" class=\" wp-image-3249 aligncenter\" src=\"https:\/\/agora.xtec.cat\/ceipjoventutcallus\/wp-content\/uploads\/usu1947\/2021\/02\/06_EM-Final-projecte.jpg\" alt=\"\" width=\"258\" height=\"195\" srcset=\"https:\/\/agora.xtec.cat\/ceipjoventutcallus\/wp-content\/uploads\/usu1947\/2021\/02\/06_EM-Final-projecte.jpg 482w, https:\/\/agora.xtec.cat\/ceipjoventutcallus\/wp-content\/uploads\/usu1947\/2021\/02\/06_EM-Final-projecte-300x227.jpg 300w, https:\/\/agora.xtec.cat\/ceipjoventutcallus\/wp-content\/uploads\/usu1947\/2021\/02\/06_EM-Final-projecte-200x150.jpg 200w\" sizes=\"auto, (max-width: 258px) 100vw, 258px\" \/><\/a><\/p>\n","protected":false},"excerpt":{"rendered":"<p>Durant el segon trimestre els alumnes de cinqu\u00e8 hem treballat l&#8217;invent que d\u00f3na nom a la nostra classe, emmarcat tamb\u00e9 a l&#8217;edat mitjana.<br \/>\nLa classe de cinqu\u00e8 A s&#8217;anomenen La Br\u00faixola.<br \/>\nLa classe de cinqu\u00e8 B s&#8217;anomena El Rellotge.<br \/>\nHem fet una activitat en grup de final de&hellip;  <a href=\"https:\/\/agora.xtec.cat\/ceipjoventutcallus\/cs\/ledat-mitjana-final-de-projecte\/\" title=\"Read L&#8217;Edat Mitjana &#8211; final de projecte\">Llegeix m\u00e9s\u00bb<\/a><\/p>\n","protected":false},"author":9,"featured_media":0,"comment_status":"open","ping_status":"closed","sticky":false,"template":"","format":"standard","meta":{"_bbp_topic_count":0,"_bbp_reply_count":0,"_bbp_total_topic_count":0,"_bbp_total_reply_count":0,"_bbp_voice_count":0,"_bbp_anonymous_reply_count":0,"_bbp_topic_count_hidden":0,"_bbp_reply_count_hidden":0,"_bbp_forum_subforum_count":0,"footnotes":""},"categories":[63],"tags":[],"class_list":["post-3260","post","type-post","status-publish","format-standard","hentry","category-cs"],"post_mailing_queue_ids":[],"_links":{"self":[{"href":"https:\/\/agora.xtec.cat\/ceipjoventutcallus\/wp-json\/wp\/v2\/posts\/3260","targetHints":{"allow":["GET"]}}],"collection":[{"href":"https:\/\/agora.xtec.cat\/ceipjoventutcallus\/wp-json\/wp\/v2\/posts"}],"about":[{"href":"https:\/\/agora.xtec.cat\/ceipjoventutcallus\/wp-json\/wp\/v2\/types\/post"}],"author":[{"embeddable":true,"href":"https:\/\/agora.xtec.cat\/ceipjoventutcallus\/wp-json\/wp\/v2\/users\/9"}],"replies":[{"embeddable":true,"href":"https:\/\/agora.xtec.cat\/ceipjoventutcallus\/wp-json\/wp\/v2\/comments?post=3260"}],"version-history":[{"count":2,"href":"https:\/\/agora.xtec.cat\/ceipjoventutcallus\/wp-json\/wp\/v2\/posts\/3260\/revisions"}],"predecessor-version":[{"id":3262,"href":"https:\/\/agora.xtec.cat\/ceipjoventutcallus\/wp-json\/wp\/v2\/posts\/3260\/revisions\/3262"}],"wp:attachment":[{"href":"https:\/\/agora.xtec.cat\/ceipjoventutcallus\/wp-json\/wp\/v2\/media?parent=3260"}],"wp:term":[{"taxonomy":"category","embeddable":true,"href":"https:\/\/agora.xtec.cat\/ceipjoventutcallus\/wp-json\/wp\/v2\/categories?post=3260"},{"taxonomy":"post_tag","embeddable":true,"href":"https:\/\/agora.xtec.cat\/ceipjoventutcallus\/wp-json\/wp\/v2\/tags?post=3260"}],"curies":[{"name":"wp","href":"https:\/\/api.w.org\/{rel}","templated":true}]}}