{"id":3254,"date":"2021-02-23T20:00:01","date_gmt":"2021-02-23T19:00:01","guid":{"rendered":"https:\/\/agora.xtec.cat\/ceipjoventutcallus\/?p=3254"},"modified":"2021-02-23T20:22:43","modified_gmt":"2021-02-23T19:22:43","slug":"videoconferencia-alimentacio-i-nutricio","status":"publish","type":"post","link":"https:\/\/agora.xtec.cat\/ceipjoventutcallus\/cs\/videoconferencia-alimentacio-i-nutricio\/","title":{"rendered":"Videoconfer\u00e8ncia: Alimentaci\u00f3 i nutrici\u00f3"},"content":{"rendered":"<p>Els alumnes de cicle superior hem assistit tots a una videoconfer\u00e8ncia sobre alimentaci\u00f3 i nutrici\u00f3. La Carla Orriols, nutricionista i dietista, ens ha explicat coses molt interessants sobre l&#8217;alimentaci\u00f3, els nutrients, les seves funcions. Hem acabat parlant del plat saludable.<\/p>\n<p>&nbsp;<\/p>\n<p><a href=\"https:\/\/photos.app.goo.gl\/XfQDG9EVQQ8tAYVx9\"><img loading=\"lazy\" decoding=\"async\" class=\"wp-image-3247 alignnone\" src=\"https:\/\/agora.xtec.cat\/ceipjoventutcallus\/wp-content\/uploads\/usu1947\/2021\/02\/04_videoconferencia_nutrici\u00f3.jpg\" alt=\"\" width=\"331\" height=\"221\" srcset=\"https:\/\/agora.xtec.cat\/ceipjoventutcallus\/wp-content\/uploads\/usu1947\/2021\/02\/04_videoconferencia_nutrici\u00f3.jpg 482w, https:\/\/agora.xtec.cat\/ceipjoventutcallus\/wp-content\/uploads\/usu1947\/2021\/02\/04_videoconferencia_nutrici\u00f3-300x200.jpg 300w\" sizes=\"auto, (max-width: 331px) 100vw, 331px\" \/><\/a><a href=\"https:\/\/agora.xtec.cat\/ceipjoventutcallus\/wp-content\/uploads\/usu1947\/2021\/02\/07_cartell-xerrada.jpg\"><img loading=\"lazy\" decoding=\"async\" class=\"wp-image-3263 alignnone\" src=\"https:\/\/agora.xtec.cat\/ceipjoventutcallus\/wp-content\/uploads\/usu1947\/2021\/02\/07_cartell-xerrada.jpg\" alt=\"\" width=\"220\" height=\"311\" srcset=\"https:\/\/agora.xtec.cat\/ceipjoventutcallus\/wp-content\/uploads\/usu1947\/2021\/02\/07_cartell-xerrada.jpg 515w, https:\/\/agora.xtec.cat\/ceipjoventutcallus\/wp-content\/uploads\/usu1947\/2021\/02\/07_cartell-xerrada-213x300.jpg 213w\" sizes=\"auto, (max-width: 220px) 100vw, 220px\" \/><\/a><\/p>\n","protected":false},"excerpt":{"rendered":"<p>Els alumnes de cicle superior hem assistit tots a una videoconfer\u00e8ncia sobre alimentaci\u00f3 i nutrici\u00f3. La Carla Orriols, nutricionista i dietista, ens ha explicat coses molt interessants sobre l&#8217;alimentaci\u00f3, els nutrients, les seves funcions. Hem acabat parlant del plat saludable.<br \/>\n&nbsp;<br \/>\n<a href=\"https:\/\/photos.app.goo.gl\/XfQDG9EVQQ8tAYVx9\"><\/a><a href=\"https:\/\/agora.xtec.cat\/ceipjoventutcallus\/wp-content\/uploads\/usu1947\/2021\/02\/07_cartell-xerrada.jpg\"><\/a><\/p>\n","protected":false},"author":9,"featured_media":0,"comment_status":"open","ping_status":"closed","sticky":false,"template":"","format":"standard","meta":{"_bbp_topic_count":0,"_bbp_reply_count":0,"_bbp_total_topic_count":0,"_bbp_total_reply_count":0,"_bbp_voice_count":0,"_bbp_anonymous_reply_count":0,"_bbp_topic_count_hidden":0,"_bbp_reply_count_hidden":0,"_bbp_forum_subforum_count":0,"footnotes":""},"categories":[63],"tags":[],"class_list":["post-3254","post","type-post","status-publish","format-standard","hentry","category-cs"],"post_mailing_queue_ids":[],"_links":{"self":[{"href":"https:\/\/agora.xtec.cat\/ceipjoventutcallus\/wp-json\/wp\/v2\/posts\/3254","targetHints":{"allow":["GET"]}}],"collection":[{"href":"https:\/\/agora.xtec.cat\/ceipjoventutcallus\/wp-json\/wp\/v2\/posts"}],"about":[{"href":"https:\/\/agora.xtec.cat\/ceipjoventutcallus\/wp-json\/wp\/v2\/types\/post"}],"author":[{"embeddable":true,"href":"https:\/\/agora.xtec.cat\/ceipjoventutcallus\/wp-json\/wp\/v2\/users\/9"}],"replies":[{"embeddable":true,"href":"https:\/\/agora.xtec.cat\/ceipjoventutcallus\/wp-json\/wp\/v2\/comments?post=3254"}],"version-history":[{"count":2,"href":"https:\/\/agora.xtec.cat\/ceipjoventutcallus\/wp-json\/wp\/v2\/posts\/3254\/revisions"}],"predecessor-version":[{"id":3264,"href":"https:\/\/agora.xtec.cat\/ceipjoventutcallus\/wp-json\/wp\/v2\/posts\/3254\/revisions\/3264"}],"wp:attachment":[{"href":"https:\/\/agora.xtec.cat\/ceipjoventutcallus\/wp-json\/wp\/v2\/media?parent=3254"}],"wp:term":[{"taxonomy":"category","embeddable":true,"href":"https:\/\/agora.xtec.cat\/ceipjoventutcallus\/wp-json\/wp\/v2\/categories?post=3254"},{"taxonomy":"post_tag","embeddable":true,"href":"https:\/\/agora.xtec.cat\/ceipjoventutcallus\/wp-json\/wp\/v2\/tags?post=3254"}],"curies":[{"name":"wp","href":"https:\/\/api.w.org\/{rel}","templated":true}]}}