{"id":3234,"date":"2021-02-23T14:28:23","date_gmt":"2021-02-23T13:28:23","guid":{"rendered":"https:\/\/agora.xtec.cat\/ceipjoventutcallus\/?p=3234"},"modified":"2021-02-23T14:31:13","modified_gmt":"2021-02-23T13:31:13","slug":"p3-presentem-la-lletra-6","status":"publish","type":"post","link":"https:\/\/agora.xtec.cat\/ceipjoventutcallus\/infantil\/p3-presentem-la-lletra-6\/","title":{"rendered":"P3 PRESENTEM LA LLETRA"},"content":{"rendered":"<p>EL DIMECRES, EL <strong>YERAY<\/strong> ENS VA PRESENTAR LA SEVA LLETRA, LA<strong>\u00a0Y<\/strong>. ENS VA EXPLICAR QUE ERA DE FUSTA, QUE LA VA PINTAR AMB PINTURA I VA ENGANXAR-HI FULLES D&#8217;UN ARBRE DEL JARD\u00cd, LES QUALS VA PINTAR DE COLORS. ENS VAM FIXAR AMB EL SEU NOM, I VAM VEURE QUE COMEN\u00c7A I ACABA AMB LA MATEIXA LLETRA. DESPR\u00c9S VAM FER TORN DE PREGUNTES.<\/p>\n<p>PER \u00daLTIM, PER PETITS GRUPS, VAM ESCRIURE LA LLETRA\u00a0 A LA PISSARRA, LA VAM ANAR A VEURE DE M\u00c9S A PROP, I TAMB\u00c9 VAM OBSERVAR LES FOTOS QUE VA PORTAR, ON ES VEIA ELS PASSOS QUE HAVIA SEGUIT.<\/p>\n<figure class=\"figure wp-caption alignnone\"><a href=\"https:\/\/photos.app.goo.gl\/o4HaRCLfXbQsG74f9\"><img loading=\"lazy\" decoding=\"async\" class=\"size-medium wp-image-3240\" src=\"https:\/\/agora.xtec.cat\/ceipjoventutcallus\/wp-content\/uploads\/usu1947\/2021\/02\/IMG_20210217_102502-225x300.jpg\" alt=\"\" width=\"225\" height=\"300\" srcset=\"https:\/\/agora.xtec.cat\/ceipjoventutcallus\/wp-content\/uploads\/usu1947\/2021\/02\/IMG_20210217_102502-225x300.jpg 225w, https:\/\/agora.xtec.cat\/ceipjoventutcallus\/wp-content\/uploads\/usu1947\/2021\/02\/IMG_20210217_102502-768x1024.jpg 768w\" sizes=\"auto, (max-width: 225px) 100vw, 225px\" \/><\/a><figcaption class=\"wp-caption-text\">Cliqueu sobre la imatge per veure la resta<\/figcaption><\/figure>\n","protected":false},"excerpt":{"rendered":"<p>EL DIMECRES, EL YERAY ENS VA PRESENTAR LA SEVA LLETRA, LA\u00a0Y. ENS VA EXPLICAR QUE ERA DE FUSTA, QUE LA VA PINTAR AMB PINTURA I VA ENGANXAR-HI FULLES D&#8217;UN ARBRE DEL JARD\u00cd, LES QUALS VA PINTAR DE COLORS. ENS VAM FIXAR AMB EL SEU NOM,&hellip;  <a href=\"https:\/\/agora.xtec.cat\/ceipjoventutcallus\/infantil\/p3-presentem-la-lletra-6\/\" title=\"Read P3 PRESENTEM LA LLETRA\">Llegeix m\u00e9s\u00bb<\/a><\/p>\n","protected":false},"author":5,"featured_media":0,"comment_status":"closed","ping_status":"closed","sticky":false,"template":"","format":"standard","meta":{"_bbp_topic_count":0,"_bbp_reply_count":0,"_bbp_total_topic_count":0,"_bbp_total_reply_count":0,"_bbp_voice_count":0,"_bbp_anonymous_reply_count":0,"_bbp_topic_count_hidden":0,"_bbp_reply_count_hidden":0,"_bbp_forum_subforum_count":0,"footnotes":""},"categories":[2],"tags":[73,65],"class_list":["post-3234","post","type-post","status-publish","format-standard","hentry","category-infantil","tag-lletra-inicial","tag-p3"],"post_mailing_queue_ids":[],"_links":{"self":[{"href":"https:\/\/agora.xtec.cat\/ceipjoventutcallus\/wp-json\/wp\/v2\/posts\/3234","targetHints":{"allow":["GET"]}}],"collection":[{"href":"https:\/\/agora.xtec.cat\/ceipjoventutcallus\/wp-json\/wp\/v2\/posts"}],"about":[{"href":"https:\/\/agora.xtec.cat\/ceipjoventutcallus\/wp-json\/wp\/v2\/types\/post"}],"author":[{"embeddable":true,"href":"https:\/\/agora.xtec.cat\/ceipjoventutcallus\/wp-json\/wp\/v2\/users\/5"}],"replies":[{"embeddable":true,"href":"https:\/\/agora.xtec.cat\/ceipjoventutcallus\/wp-json\/wp\/v2\/comments?post=3234"}],"version-history":[{"count":3,"href":"https:\/\/agora.xtec.cat\/ceipjoventutcallus\/wp-json\/wp\/v2\/posts\/3234\/revisions"}],"predecessor-version":[{"id":3242,"href":"https:\/\/agora.xtec.cat\/ceipjoventutcallus\/wp-json\/wp\/v2\/posts\/3234\/revisions\/3242"}],"wp:attachment":[{"href":"https:\/\/agora.xtec.cat\/ceipjoventutcallus\/wp-json\/wp\/v2\/media?parent=3234"}],"wp:term":[{"taxonomy":"category","embeddable":true,"href":"https:\/\/agora.xtec.cat\/ceipjoventutcallus\/wp-json\/wp\/v2\/categories?post=3234"},{"taxonomy":"post_tag","embeddable":true,"href":"https:\/\/agora.xtec.cat\/ceipjoventutcallus\/wp-json\/wp\/v2\/tags?post=3234"}],"curies":[{"name":"wp","href":"https:\/\/api.w.org\/{rel}","templated":true}]}}