{"id":3176,"date":"2021-02-22T11:49:11","date_gmt":"2021-02-22T10:49:11","guid":{"rendered":"https:\/\/agora.xtec.cat\/ceipjoventutcallus\/?p=3176"},"modified":"2021-03-08T08:42:07","modified_gmt":"2021-03-08T07:42:07","slug":"dijous-llarder-i-activitats-carnestoltes","status":"publish","type":"post","link":"https:\/\/agora.xtec.cat\/ceipjoventutcallus\/ci\/dijous-llarder-i-activitats-carnestoltes\/","title":{"rendered":"Dijous Llarder i activitats Carnestoltes"},"content":{"rendered":"<p>Hola fam\u00edlies!<\/p>\n<p>Aqu\u00ed teniu un recull d&#8217;imatges de la sortida matinal del dia 11 de febrer al Castell de Godmar, i tamb\u00e9 imatges de la realitzaci\u00f3 d&#8217;una m\u00e0scara ben original.<\/p>\n<p>Cliqueu a la imatge inferior per veure-les.<\/p>\n<p>Fins aviat!<\/p>\n<p><a href=\"https:\/\/photos.app.goo.gl\/9UddujYWqBPKuibz8\" target=\"_blank\" rel=\"noopener noreferrer\"><img loading=\"lazy\" decoding=\"async\" class=\"aligncenter wp-image-3177 \" src=\"https:\/\/agora.xtec.cat\/ceipjoventutcallus\/wp-content\/uploads\/usu1947\/2021\/02\/20210211_101242-1024x768.jpg\" alt=\"\" width=\"334\" height=\"251\" srcset=\"https:\/\/agora.xtec.cat\/ceipjoventutcallus\/wp-content\/uploads\/usu1947\/2021\/02\/20210211_101242-1024x768.jpg 1024w, https:\/\/agora.xtec.cat\/ceipjoventutcallus\/wp-content\/uploads\/usu1947\/2021\/02\/20210211_101242-300x225.jpg 300w, https:\/\/agora.xtec.cat\/ceipjoventutcallus\/wp-content\/uploads\/usu1947\/2021\/02\/20210211_101242-768x576.jpg 768w, https:\/\/agora.xtec.cat\/ceipjoventutcallus\/wp-content\/uploads\/usu1947\/2021\/02\/20210211_101242-200x150.jpg 200w\" sizes=\"auto, (max-width: 334px) 100vw, 334px\" \/><\/a><\/p>\n","protected":false},"excerpt":{"rendered":"<p>Hola fam\u00edlies!<br \/>\nAqu\u00ed teniu un recull d&#8217;imatges de la sortida matinal del dia 11 de febrer al Castell de Godmar, i tamb\u00e9 imatges de la realitzaci\u00f3 d&#8217;una m\u00e0scara ben original.<br \/>\nCliqueu a la imatge inferior per veure-les.<br \/>\nFins aviat!<br \/>\n<a href=\"https:\/\/photos.app.goo.gl\/9UddujYWqBPKuibz8\" target=\"_blank\" rel=\"noopener noreferrer\"><\/a><\/p>\n","protected":false},"author":6,"featured_media":0,"comment_status":"open","ping_status":"closed","sticky":false,"template":"","format":"standard","meta":{"_bbp_topic_count":0,"_bbp_reply_count":0,"_bbp_total_topic_count":0,"_bbp_total_reply_count":0,"_bbp_voice_count":0,"_bbp_anonymous_reply_count":0,"_bbp_topic_count_hidden":0,"_bbp_reply_count_hidden":0,"_bbp_forum_subforum_count":0,"footnotes":""},"categories":[61],"tags":[16],"class_list":["post-3176","post","type-post","status-publish","format-standard","hentry","category-ci","tag-sortides"],"post_mailing_queue_ids":[],"_links":{"self":[{"href":"https:\/\/agora.xtec.cat\/ceipjoventutcallus\/wp-json\/wp\/v2\/posts\/3176","targetHints":{"allow":["GET"]}}],"collection":[{"href":"https:\/\/agora.xtec.cat\/ceipjoventutcallus\/wp-json\/wp\/v2\/posts"}],"about":[{"href":"https:\/\/agora.xtec.cat\/ceipjoventutcallus\/wp-json\/wp\/v2\/types\/post"}],"author":[{"embeddable":true,"href":"https:\/\/agora.xtec.cat\/ceipjoventutcallus\/wp-json\/wp\/v2\/users\/6"}],"replies":[{"embeddable":true,"href":"https:\/\/agora.xtec.cat\/ceipjoventutcallus\/wp-json\/wp\/v2\/comments?post=3176"}],"version-history":[{"count":2,"href":"https:\/\/agora.xtec.cat\/ceipjoventutcallus\/wp-json\/wp\/v2\/posts\/3176\/revisions"}],"predecessor-version":[{"id":3409,"href":"https:\/\/agora.xtec.cat\/ceipjoventutcallus\/wp-json\/wp\/v2\/posts\/3176\/revisions\/3409"}],"wp:attachment":[{"href":"https:\/\/agora.xtec.cat\/ceipjoventutcallus\/wp-json\/wp\/v2\/media?parent=3176"}],"wp:term":[{"taxonomy":"category","embeddable":true,"href":"https:\/\/agora.xtec.cat\/ceipjoventutcallus\/wp-json\/wp\/v2\/categories?post=3176"},{"taxonomy":"post_tag","embeddable":true,"href":"https:\/\/agora.xtec.cat\/ceipjoventutcallus\/wp-json\/wp\/v2\/tags?post=3176"}],"curies":[{"name":"wp","href":"https:\/\/api.w.org\/{rel}","templated":true}]}}