{"id":3169,"date":"2021-03-05T14:00:30","date_gmt":"2021-03-05T13:00:30","guid":{"rendered":"https:\/\/agora.xtec.cat\/ceipjoventutcallus\/?p=3169"},"modified":"2021-04-22T22:06:15","modified_gmt":"2021-04-22T20:06:15","slug":"informacio-preinscripcio-curs-2020-21","status":"publish","type":"post","link":"https:\/\/agora.xtec.cat\/ceipjoventutcallus\/general\/informacio-preinscripcio-curs-2020-21\/","title":{"rendered":"INFORMACI\u00d3 PREINSCRIPCI\u00d3 CURS 2020-21"},"content":{"rendered":"<p>Us facilitem informaci\u00f3 referent al proc\u00e9s de preinscripci\u00f3.<\/p>\n<p><strong>V\u00cdDEO INFORMATIU:<\/strong><br \/>\n<strong> <iframe loading=\"lazy\" src=\"\/\/www.youtube.com\/embed\/7Jz8gYBFCFM\" width=\"300\" height=\"168\"><\/iframe><\/strong><\/p>\n<p><strong>Per\u00edode:\u00a0<\/strong>del 15 al 24 de mar\u00e7 de 2021<\/p>\n<p><strong>Informaci\u00f3 Departament: <\/strong><strong><a href=\"https:\/\/preinscripcio.gencat.cat\/ca\/estudis\/infantil-3-6\/inici\/\">https:\/\/preinscripcio.gencat.cat\/ca\/estudis\/infantil-3-6\/inici\/<\/a><\/strong><\/p>\n<p><strong>\u00a0<\/strong><\/p>\n<p>&nbsp;<\/p>\n","protected":false},"excerpt":{"rendered":"<p>Us facilitem informaci\u00f3 referent al proc\u00e9s de preinscripci\u00f3.<br \/>\nV\u00cdDEO INFORMATIU:<\/p>\n<p>Per\u00edode:\u00a0del 15 al 24 de mar\u00e7 de 2021<br \/>\nInformaci\u00f3 Departament: <a href=\"https:\/\/preinscripcio.gencat.cat\/ca\/estudis\/infantil-3-6\/inici\/\">https:\/\/preinscripcio.gencat.cat\/ca\/estudis\/infantil-3-6\/inici\/<\/a><br \/>\n\u00a0<br \/>\n&nbsp;<\/p>\n","protected":false},"author":1,"featured_media":0,"comment_status":"closed","ping_status":"closed","sticky":false,"template":"","format":"standard","meta":{"_bbp_topic_count":0,"_bbp_reply_count":0,"_bbp_total_topic_count":0,"_bbp_total_reply_count":0,"_bbp_voice_count":0,"_bbp_anonymous_reply_count":0,"_bbp_topic_count_hidden":0,"_bbp_reply_count_hidden":0,"_bbp_forum_subforum_count":0,"footnotes":""},"categories":[1,4],"tags":[],"class_list":["post-3169","post","type-post","status-publish","format-standard","hentry","category-general","category-portada"],"post_mailing_queue_ids":[],"_links":{"self":[{"href":"https:\/\/agora.xtec.cat\/ceipjoventutcallus\/wp-json\/wp\/v2\/posts\/3169","targetHints":{"allow":["GET"]}}],"collection":[{"href":"https:\/\/agora.xtec.cat\/ceipjoventutcallus\/wp-json\/wp\/v2\/posts"}],"about":[{"href":"https:\/\/agora.xtec.cat\/ceipjoventutcallus\/wp-json\/wp\/v2\/types\/post"}],"author":[{"embeddable":true,"href":"https:\/\/agora.xtec.cat\/ceipjoventutcallus\/wp-json\/wp\/v2\/users\/1"}],"replies":[{"embeddable":true,"href":"https:\/\/agora.xtec.cat\/ceipjoventutcallus\/wp-json\/wp\/v2\/comments?post=3169"}],"version-history":[{"count":3,"href":"https:\/\/agora.xtec.cat\/ceipjoventutcallus\/wp-json\/wp\/v2\/posts\/3169\/revisions"}],"predecessor-version":[{"id":3365,"href":"https:\/\/agora.xtec.cat\/ceipjoventutcallus\/wp-json\/wp\/v2\/posts\/3169\/revisions\/3365"}],"wp:attachment":[{"href":"https:\/\/agora.xtec.cat\/ceipjoventutcallus\/wp-json\/wp\/v2\/media?parent=3169"}],"wp:term":[{"taxonomy":"category","embeddable":true,"href":"https:\/\/agora.xtec.cat\/ceipjoventutcallus\/wp-json\/wp\/v2\/categories?post=3169"},{"taxonomy":"post_tag","embeddable":true,"href":"https:\/\/agora.xtec.cat\/ceipjoventutcallus\/wp-json\/wp\/v2\/tags?post=3169"}],"curies":[{"name":"wp","href":"https:\/\/api.w.org\/{rel}","templated":true}]}}