{"id":3164,"date":"2021-02-18T18:41:06","date_gmt":"2021-02-18T17:41:06","guid":{"rendered":"https:\/\/agora.xtec.cat\/ceipjoventutcallus\/?p=3164"},"modified":"2021-02-18T18:41:10","modified_gmt":"2021-02-18T17:41:10","slug":"conferencia-claudia-p-el-solsones","status":"publish","type":"post","link":"https:\/\/agora.xtec.cat\/ceipjoventutcallus\/cm\/conferencia-claudia-p-el-solsones\/","title":{"rendered":"CONFER\u00c8NCIA CL\u00c0UDIA P. &#8220;EL SOLSON\u00c8S&#8221;"},"content":{"rendered":"<p>El dijous dia 18 de febrer de 2021, la Cl\u00e0udia P. ens va fer la confer\u00e8ncia del Solson\u00e8s. Ens va cridar molt l&#8217;atenci\u00f3, l&#8217;explicaci\u00f3 que ens va fer sobre \u00a0la popular festa del Carnestoltes i la penjada del ruc. Molt adequat per aquestes dates de Carnestoltes. Gr\u00e0cies, Cl\u00e0udia!!!<\/p>\n<p>Si voleu veure les fotos, cliqueu <a href=\"https:\/\/photos.app.goo.gl\/R3Pd6BrWs4dTtaGB7\">aqu\u00ed.<\/a><\/p>\n","protected":false},"excerpt":{"rendered":"<p>El dijous dia 18 de febrer de 2021, la Cl\u00e0udia P. ens va fer la confer\u00e8ncia del Solson\u00e8s. Ens va cridar molt l&#8217;atenci\u00f3, l&#8217;explicaci\u00f3 que ens va fer sobre \u00a0la popular festa del Carnestoltes i la penjada del ruc. Molt adequat per aquestes dates de&hellip;  <a href=\"https:\/\/agora.xtec.cat\/ceipjoventutcallus\/cm\/conferencia-claudia-p-el-solsones\/\" title=\"Read CONFER\u00c8NCIA CL\u00c0UDIA P. &#8220;EL SOLSON\u00c8S&#8221;\">Llegeix m\u00e9s\u00bb<\/a><\/p>\n","protected":false},"author":7,"featured_media":3165,"comment_status":"open","ping_status":"closed","sticky":false,"template":"","format":"standard","meta":{"_bbp_topic_count":0,"_bbp_reply_count":0,"_bbp_total_topic_count":0,"_bbp_total_reply_count":0,"_bbp_voice_count":0,"_bbp_anonymous_reply_count":0,"_bbp_topic_count_hidden":0,"_bbp_reply_count_hidden":0,"_bbp_forum_subforum_count":0,"footnotes":""},"categories":[62],"tags":[],"class_list":["post-3164","post","type-post","status-publish","format-standard","has-post-thumbnail","hentry","category-cm"],"post_mailing_queue_ids":[],"_links":{"self":[{"href":"https:\/\/agora.xtec.cat\/ceipjoventutcallus\/wp-json\/wp\/v2\/posts\/3164","targetHints":{"allow":["GET"]}}],"collection":[{"href":"https:\/\/agora.xtec.cat\/ceipjoventutcallus\/wp-json\/wp\/v2\/posts"}],"about":[{"href":"https:\/\/agora.xtec.cat\/ceipjoventutcallus\/wp-json\/wp\/v2\/types\/post"}],"author":[{"embeddable":true,"href":"https:\/\/agora.xtec.cat\/ceipjoventutcallus\/wp-json\/wp\/v2\/users\/7"}],"replies":[{"embeddable":true,"href":"https:\/\/agora.xtec.cat\/ceipjoventutcallus\/wp-json\/wp\/v2\/comments?post=3164"}],"version-history":[{"count":3,"href":"https:\/\/agora.xtec.cat\/ceipjoventutcallus\/wp-json\/wp\/v2\/posts\/3164\/revisions"}],"predecessor-version":[{"id":3168,"href":"https:\/\/agora.xtec.cat\/ceipjoventutcallus\/wp-json\/wp\/v2\/posts\/3164\/revisions\/3168"}],"wp:featuredmedia":[{"embeddable":true,"href":"https:\/\/agora.xtec.cat\/ceipjoventutcallus\/wp-json\/wp\/v2\/media\/3165"}],"wp:attachment":[{"href":"https:\/\/agora.xtec.cat\/ceipjoventutcallus\/wp-json\/wp\/v2\/media?parent=3164"}],"wp:term":[{"taxonomy":"category","embeddable":true,"href":"https:\/\/agora.xtec.cat\/ceipjoventutcallus\/wp-json\/wp\/v2\/categories?post=3164"},{"taxonomy":"post_tag","embeddable":true,"href":"https:\/\/agora.xtec.cat\/ceipjoventutcallus\/wp-json\/wp\/v2\/tags?post=3164"}],"curies":[{"name":"wp","href":"https:\/\/api.w.org\/{rel}","templated":true}]}}