{"id":3142,"date":"2021-02-16T14:26:50","date_gmt":"2021-02-16T13:26:50","guid":{"rendered":"https:\/\/agora.xtec.cat\/ceipjoventutcallus\/?p=3142"},"modified":"2021-02-16T14:26:50","modified_gmt":"2021-02-16T13:26:50","slug":"p3-presentem-la-lletra-5","status":"publish","type":"post","link":"https:\/\/agora.xtec.cat\/ceipjoventutcallus\/infantil\/p3-presentem-la-lletra-5\/","title":{"rendered":"P3 PRESENTEM LA LLETRA"},"content":{"rendered":"<p>LA SETMANA PASSADA, L&#8217;<strong>EMMA<\/strong> ENS VA PRESENTAR LA SEVA LLETRA, LA <strong>E,<\/strong> FETA DE PASTA DE SAL I DECORADA AMB AQUAREL\u00b7LES I PURPURINA. ENS VA EXPLICAR QUE PER FER LA LLETRA HAVIA FET QUATRE XURROS, UN DE MOLT LLARG I TRES DE M\u00c9S PETITS, I TAMB\u00c9 HI VA ENGANXAR QUATRE IMATGES QUE COMEN\u00c7AVEN AMB LA SEVA LLETRA.<\/p>\n<p>DESPR\u00c9S VAM SORTIR TOTS I TOTES A FER LA LLETRA A LA PISSARRA, ON ELS HI VA SORTIR MOLT B\u00c9. PER GRUPS, VAM APROPAR-NOS A LA LLETRA PER VEURE-LA MILLOR I PER PODER VEURE LES FOTOS QUE VA PORTAR.<\/p>\n<figure class=\"figure wp-caption alignnone\"><a href=\"https:\/\/photos.app.goo.gl\/dH7avDoxYwvVH6HE7\"><img loading=\"lazy\" decoding=\"async\" class=\"size-medium wp-image-3143\" src=\"https:\/\/agora.xtec.cat\/ceipjoventutcallus\/wp-content\/uploads\/usu1947\/2021\/02\/IMG_20210210_102935-225x300.jpg\" alt=\"\" width=\"225\" height=\"300\" srcset=\"https:\/\/agora.xtec.cat\/ceipjoventutcallus\/wp-content\/uploads\/usu1947\/2021\/02\/IMG_20210210_102935-225x300.jpg 225w, https:\/\/agora.xtec.cat\/ceipjoventutcallus\/wp-content\/uploads\/usu1947\/2021\/02\/IMG_20210210_102935-768x1024.jpg 768w\" sizes=\"auto, (max-width: 225px) 100vw, 225px\" \/><\/a><figcaption class=\"wp-caption-text\">Cliqueu sobre la imatge per veure la resta.<\/figcaption><\/figure>\n","protected":false},"excerpt":{"rendered":"<p>LA SETMANA PASSADA, L&#8217;EMMA ENS VA PRESENTAR LA SEVA LLETRA, LA E, FETA DE PASTA DE SAL I DECORADA AMB AQUAREL\u00b7LES I PURPURINA. ENS VA EXPLICAR QUE PER FER LA LLETRA HAVIA FET QUATRE XURROS, UN DE MOLT LLARG I TRES DE M\u00c9S PETITS, I&hellip;  <a href=\"https:\/\/agora.xtec.cat\/ceipjoventutcallus\/infantil\/p3-presentem-la-lletra-5\/\" title=\"Read P3 PRESENTEM LA LLETRA\">Llegeix m\u00e9s\u00bb<\/a><\/p>\n","protected":false},"author":5,"featured_media":0,"comment_status":"closed","ping_status":"closed","sticky":false,"template":"","format":"standard","meta":{"_bbp_topic_count":0,"_bbp_reply_count":0,"_bbp_total_topic_count":0,"_bbp_total_reply_count":0,"_bbp_voice_count":0,"_bbp_anonymous_reply_count":0,"_bbp_topic_count_hidden":0,"_bbp_reply_count_hidden":0,"_bbp_forum_subforum_count":0,"footnotes":""},"categories":[2],"tags":[73,65],"class_list":["post-3142","post","type-post","status-publish","format-standard","hentry","category-infantil","tag-lletra-inicial","tag-p3"],"post_mailing_queue_ids":[],"_links":{"self":[{"href":"https:\/\/agora.xtec.cat\/ceipjoventutcallus\/wp-json\/wp\/v2\/posts\/3142","targetHints":{"allow":["GET"]}}],"collection":[{"href":"https:\/\/agora.xtec.cat\/ceipjoventutcallus\/wp-json\/wp\/v2\/posts"}],"about":[{"href":"https:\/\/agora.xtec.cat\/ceipjoventutcallus\/wp-json\/wp\/v2\/types\/post"}],"author":[{"embeddable":true,"href":"https:\/\/agora.xtec.cat\/ceipjoventutcallus\/wp-json\/wp\/v2\/users\/5"}],"replies":[{"embeddable":true,"href":"https:\/\/agora.xtec.cat\/ceipjoventutcallus\/wp-json\/wp\/v2\/comments?post=3142"}],"version-history":[{"count":3,"href":"https:\/\/agora.xtec.cat\/ceipjoventutcallus\/wp-json\/wp\/v2\/posts\/3142\/revisions"}],"predecessor-version":[{"id":3160,"href":"https:\/\/agora.xtec.cat\/ceipjoventutcallus\/wp-json\/wp\/v2\/posts\/3142\/revisions\/3160"}],"wp:attachment":[{"href":"https:\/\/agora.xtec.cat\/ceipjoventutcallus\/wp-json\/wp\/v2\/media?parent=3142"}],"wp:term":[{"taxonomy":"category","embeddable":true,"href":"https:\/\/agora.xtec.cat\/ceipjoventutcallus\/wp-json\/wp\/v2\/categories?post=3142"},{"taxonomy":"post_tag","embeddable":true,"href":"https:\/\/agora.xtec.cat\/ceipjoventutcallus\/wp-json\/wp\/v2\/tags?post=3142"}],"curies":[{"name":"wp","href":"https:\/\/api.w.org\/{rel}","templated":true}]}}