{"id":3133,"date":"2021-02-12T18:58:05","date_gmt":"2021-02-12T17:58:05","guid":{"rendered":"https:\/\/agora.xtec.cat\/ceipjoventutcallus\/?p=3133"},"modified":"2021-02-12T18:58:05","modified_gmt":"2021-02-12T17:58:05","slug":"conferencia-de-laina-ortiz-conca-de-barbera","status":"publish","type":"post","link":"https:\/\/agora.xtec.cat\/ceipjoventutcallus\/cm\/conferencia-de-laina-ortiz-conca-de-barbera\/","title":{"rendered":"Confer\u00e8ncia de l&#8217;Aina Ortiz &#8220;CONCA de BARBER\u00c0&#8221;"},"content":{"rendered":"<p>El divendres dia 12 de febrer de 2021, l&#8217;Aina Ortiz ens ha fet la seva confer\u00e8ncia sobre la &#8220;Conca de Barber\u00e0&#8221;, \u00a0una comarca que a ella li encanta perqu\u00e8 la seva capital, Montblanch \u00e9s la ciutat on es situa la popular &#8220;Llegenda de Sant Jordi&#8221;. Molt b\u00e9, Aina! Ho has fet genial!<\/p>\n<p>Si voleu veure les fotos, cliqueu <a href=\"https:\/\/photos.app.goo.gl\/weA8YZduYVmFafV96\">aqu\u00ed.<\/a><\/p>\n","protected":false},"excerpt":{"rendered":"<p>El divendres dia 12 de febrer de 2021, l&#8217;Aina Ortiz ens ha fet la seva confer\u00e8ncia sobre la &#8220;Conca de Barber\u00e0&#8221;, \u00a0una comarca que a ella li encanta perqu\u00e8 la seva capital, Montblanch \u00e9s la ciutat on es situa la popular &#8220;Llegenda de Sant Jordi&#8221;.&hellip;  <a href=\"https:\/\/agora.xtec.cat\/ceipjoventutcallus\/cm\/conferencia-de-laina-ortiz-conca-de-barbera\/\" title=\"Read Confer\u00e8ncia de l&#8217;Aina Ortiz &#8220;CONCA de BARBER\u00c0&#8221;\">Llegeix m\u00e9s\u00bb<\/a><\/p>\n","protected":false},"author":7,"featured_media":3134,"comment_status":"open","ping_status":"closed","sticky":false,"template":"","format":"standard","meta":{"_bbp_topic_count":0,"_bbp_reply_count":0,"_bbp_total_topic_count":0,"_bbp_total_reply_count":0,"_bbp_voice_count":0,"_bbp_anonymous_reply_count":0,"_bbp_topic_count_hidden":0,"_bbp_reply_count_hidden":0,"_bbp_forum_subforum_count":0,"footnotes":""},"categories":[62],"tags":[],"class_list":["post-3133","post","type-post","status-publish","format-standard","has-post-thumbnail","hentry","category-cm"],"post_mailing_queue_ids":[],"_links":{"self":[{"href":"https:\/\/agora.xtec.cat\/ceipjoventutcallus\/wp-json\/wp\/v2\/posts\/3133","targetHints":{"allow":["GET"]}}],"collection":[{"href":"https:\/\/agora.xtec.cat\/ceipjoventutcallus\/wp-json\/wp\/v2\/posts"}],"about":[{"href":"https:\/\/agora.xtec.cat\/ceipjoventutcallus\/wp-json\/wp\/v2\/types\/post"}],"author":[{"embeddable":true,"href":"https:\/\/agora.xtec.cat\/ceipjoventutcallus\/wp-json\/wp\/v2\/users\/7"}],"replies":[{"embeddable":true,"href":"https:\/\/agora.xtec.cat\/ceipjoventutcallus\/wp-json\/wp\/v2\/comments?post=3133"}],"version-history":[{"count":2,"href":"https:\/\/agora.xtec.cat\/ceipjoventutcallus\/wp-json\/wp\/v2\/posts\/3133\/revisions"}],"predecessor-version":[{"id":3136,"href":"https:\/\/agora.xtec.cat\/ceipjoventutcallus\/wp-json\/wp\/v2\/posts\/3133\/revisions\/3136"}],"wp:featuredmedia":[{"embeddable":true,"href":"https:\/\/agora.xtec.cat\/ceipjoventutcallus\/wp-json\/wp\/v2\/media\/3134"}],"wp:attachment":[{"href":"https:\/\/agora.xtec.cat\/ceipjoventutcallus\/wp-json\/wp\/v2\/media?parent=3133"}],"wp:term":[{"taxonomy":"category","embeddable":true,"href":"https:\/\/agora.xtec.cat\/ceipjoventutcallus\/wp-json\/wp\/v2\/categories?post=3133"},{"taxonomy":"post_tag","embeddable":true,"href":"https:\/\/agora.xtec.cat\/ceipjoventutcallus\/wp-json\/wp\/v2\/tags?post=3133"}],"curies":[{"name":"wp","href":"https:\/\/api.w.org\/{rel}","templated":true}]}}