{"id":3033,"date":"2021-02-16T14:25:42","date_gmt":"2021-02-16T13:25:42","guid":{"rendered":"https:\/\/agora.xtec.cat\/ceipjoventutcallus\/?p=3033"},"modified":"2021-02-16T14:25:42","modified_gmt":"2021-02-16T13:25:42","slug":"el-primer-trimestre-a-p3","status":"publish","type":"post","link":"https:\/\/agora.xtec.cat\/ceipjoventutcallus\/infantil\/el-primer-trimestre-a-p3\/","title":{"rendered":"El primer trimestre a P3"},"content":{"rendered":"<p>Us comparteix-ho un v\u00eddeo d&#8217;imatges de moments del dia a dia a l&#8217;aula (jugant, mirant contes, fent racons, al pati i a psicomotricitat), que han viscut els vostres fills i filles durant el primer trimestre.<\/p>\n<p><a href=\"https:\/\/photos.app.goo.gl\/zue7n5JM2SUyAp2e8\"><img loading=\"lazy\" decoding=\"async\" class=\"alignnone size-medium wp-image-3071\" src=\"https:\/\/agora.xtec.cat\/ceipjoventutcallus\/wp-content\/uploads\/usu1947\/2021\/02\/White-Gold-Foil-New-Year-Inspirational-Quote-Facebook-Post-1-300x251.jpg\" alt=\"\" width=\"300\" height=\"251\" srcset=\"https:\/\/agora.xtec.cat\/ceipjoventutcallus\/wp-content\/uploads\/usu1947\/2021\/02\/White-Gold-Foil-New-Year-Inspirational-Quote-Facebook-Post-1-300x250.jpg 300w, https:\/\/agora.xtec.cat\/ceipjoventutcallus\/wp-content\/uploads\/usu1947\/2021\/02\/White-Gold-Foil-New-Year-Inspirational-Quote-Facebook-Post-1-768x644.jpg 768w, https:\/\/agora.xtec.cat\/ceipjoventutcallus\/wp-content\/uploads\/usu1947\/2021\/02\/White-Gold-Foil-New-Year-Inspirational-Quote-Facebook-Post-1.jpg 940w\" sizes=\"auto, (max-width: 300px) 100vw, 300px\" \/><\/a><\/p>\n<p>Tamb\u00e9 us deixo l&#8217;enlla\u00e7 de tres \u00e0lbums de fotos on els\/les podreu veure: experimentant, provant, descobrint, manipulant,&#8230;; realitzant les propostes relacionades amb la tardor; i fent les diferents activitats sobre la carbassa.<\/p>\n<p><a href=\"https:\/\/photos.app.goo.gl\/fgdMTAK5RPRyvYqJ9\">TARDES D&#8217;EXPERIMENTACI\u00d3<\/a><\/p>\n<p><a href=\"https:\/\/photos.app.goo.gl\/dWg11xt3A5vU6zSG8\">LA TARDOR<\/a><\/p>\n<p><a href=\"https:\/\/photos.app.goo.gl\/9MdiWzY2XNZDQSp46\">PROJECTE LA CARBASSA<\/a><\/p>\n","protected":false},"excerpt":{"rendered":"<p>Us comparteix-ho un v\u00eddeo d&#8217;imatges de moments del dia a dia a l&#8217;aula (jugant, mirant contes, fent racons, al pati i a psicomotricitat), que han viscut els vostres fills i filles durant el primer trimestre.<br \/>\n<a href=\"https:\/\/photos.app.goo.gl\/zue7n5JM2SUyAp2e8\"><\/a><br \/>\nTamb\u00e9 us deixo l&#8217;enlla\u00e7 de tres \u00e0lbums de fotos on&hellip;  <a href=\"https:\/\/agora.xtec.cat\/ceipjoventutcallus\/infantil\/el-primer-trimestre-a-p3\/\" title=\"Read El primer trimestre a P3\">Llegeix m\u00e9s\u00bb<\/a><\/p>\n","protected":false},"author":5,"featured_media":0,"comment_status":"closed","ping_status":"closed","sticky":false,"template":"","format":"standard","meta":{"_bbp_topic_count":0,"_bbp_reply_count":0,"_bbp_total_topic_count":0,"_bbp_total_reply_count":0,"_bbp_voice_count":0,"_bbp_anonymous_reply_count":0,"_bbp_topic_count_hidden":0,"_bbp_reply_count_hidden":0,"_bbp_forum_subforum_count":0,"footnotes":""},"categories":[2],"tags":[65],"class_list":["post-3033","post","type-post","status-publish","format-standard","hentry","category-infantil","tag-p3"],"post_mailing_queue_ids":[],"_links":{"self":[{"href":"https:\/\/agora.xtec.cat\/ceipjoventutcallus\/wp-json\/wp\/v2\/posts\/3033","targetHints":{"allow":["GET"]}}],"collection":[{"href":"https:\/\/agora.xtec.cat\/ceipjoventutcallus\/wp-json\/wp\/v2\/posts"}],"about":[{"href":"https:\/\/agora.xtec.cat\/ceipjoventutcallus\/wp-json\/wp\/v2\/types\/post"}],"author":[{"embeddable":true,"href":"https:\/\/agora.xtec.cat\/ceipjoventutcallus\/wp-json\/wp\/v2\/users\/5"}],"replies":[{"embeddable":true,"href":"https:\/\/agora.xtec.cat\/ceipjoventutcallus\/wp-json\/wp\/v2\/comments?post=3033"}],"version-history":[{"count":3,"href":"https:\/\/agora.xtec.cat\/ceipjoventutcallus\/wp-json\/wp\/v2\/posts\/3033\/revisions"}],"predecessor-version":[{"id":3159,"href":"https:\/\/agora.xtec.cat\/ceipjoventutcallus\/wp-json\/wp\/v2\/posts\/3033\/revisions\/3159"}],"wp:attachment":[{"href":"https:\/\/agora.xtec.cat\/ceipjoventutcallus\/wp-json\/wp\/v2\/media?parent=3033"}],"wp:term":[{"taxonomy":"category","embeddable":true,"href":"https:\/\/agora.xtec.cat\/ceipjoventutcallus\/wp-json\/wp\/v2\/categories?post=3033"},{"taxonomy":"post_tag","embeddable":true,"href":"https:\/\/agora.xtec.cat\/ceipjoventutcallus\/wp-json\/wp\/v2\/tags?post=3033"}],"curies":[{"name":"wp","href":"https:\/\/api.w.org\/{rel}","templated":true}]}}