{"id":2839,"date":"2020-12-21T13:02:49","date_gmt":"2020-12-21T12:02:49","guid":{"rendered":"https:\/\/agora.xtec.cat\/ceipjoventutcallus\/?p=2839"},"modified":"2020-12-21T13:11:35","modified_gmt":"2020-12-21T12:11:35","slug":"festa-ultim-dia-de-trimestre","status":"publish","type":"post","link":"https:\/\/agora.xtec.cat\/ceipjoventutcallus\/general\/festa-ultim-dia-de-trimestre\/","title":{"rendered":"FESTA \u00daLTIM DIA DE TRIMESTRE"},"content":{"rendered":"<p>Acabem un trimestre ben diferent, per\u00f2 tot i aix\u00f2, tenim la il\u00b7lusi\u00f3 de celebrar aquestes dates amb tota la comunitat educativa.<\/p>\n<p>Avui hem fet l&#8217;estrena del <strong>LIPDUB<\/strong> que v\u00e0rem gravar tots els nens i nenes de l&#8217;Escola.<\/p>\n<p><iframe loading=\"lazy\" src=\"\/\/www.youtube.com\/embed\/MF6rLQO9TYA\" width=\"560\" height=\"314\"><\/iframe><\/p>\n<p>Els alumnes d&#8217;Educaci\u00f3 Infantil han preparat la <strong>presentaci\u00f3 de la festa de Nada<\/strong>l.<\/p>\n<p><iframe loading=\"lazy\" src=\"\/\/www.youtube.com\/embed\/UEQPoiCYjKY\" width=\"560\" height=\"314\"><\/iframe><\/p>\n","protected":false},"excerpt":{"rendered":"<p>Acabem un trimestre ben diferent, per\u00f2 tot i aix\u00f2, tenim la il\u00b7lusi\u00f3 de celebrar aquestes dates amb tota la comunitat educativa.<br \/>\nAvui hem fet l&#8217;estrena del LIPDUB que v\u00e0rem gravar tots els nens i nenes de l&#8217;Escola.<\/p>\n<p>Els alumnes d&#8217;Educaci\u00f3 Infantil han preparat la presentaci\u00f3 de la&hellip;  <a href=\"https:\/\/agora.xtec.cat\/ceipjoventutcallus\/general\/festa-ultim-dia-de-trimestre\/\" title=\"Read FESTA \u00daLTIM DIA DE TRIMESTRE\">Llegeix m\u00e9s\u00bb<\/a><\/p>\n","protected":false},"author":1,"featured_media":2843,"comment_status":"closed","ping_status":"closed","sticky":false,"template":"","format":"standard","meta":{"_bbp_topic_count":0,"_bbp_reply_count":0,"_bbp_total_topic_count":0,"_bbp_total_reply_count":0,"_bbp_voice_count":0,"_bbp_anonymous_reply_count":0,"_bbp_topic_count_hidden":0,"_bbp_reply_count_hidden":0,"_bbp_forum_subforum_count":0,"footnotes":""},"categories":[1,4],"tags":[],"class_list":["post-2839","post","type-post","status-publish","format-standard","has-post-thumbnail","hentry","category-general","category-portada"],"post_mailing_queue_ids":[],"_links":{"self":[{"href":"https:\/\/agora.xtec.cat\/ceipjoventutcallus\/wp-json\/wp\/v2\/posts\/2839","targetHints":{"allow":["GET"]}}],"collection":[{"href":"https:\/\/agora.xtec.cat\/ceipjoventutcallus\/wp-json\/wp\/v2\/posts"}],"about":[{"href":"https:\/\/agora.xtec.cat\/ceipjoventutcallus\/wp-json\/wp\/v2\/types\/post"}],"author":[{"embeddable":true,"href":"https:\/\/agora.xtec.cat\/ceipjoventutcallus\/wp-json\/wp\/v2\/users\/1"}],"replies":[{"embeddable":true,"href":"https:\/\/agora.xtec.cat\/ceipjoventutcallus\/wp-json\/wp\/v2\/comments?post=2839"}],"version-history":[{"count":3,"href":"https:\/\/agora.xtec.cat\/ceipjoventutcallus\/wp-json\/wp\/v2\/posts\/2839\/revisions"}],"predecessor-version":[{"id":2847,"href":"https:\/\/agora.xtec.cat\/ceipjoventutcallus\/wp-json\/wp\/v2\/posts\/2839\/revisions\/2847"}],"wp:featuredmedia":[{"embeddable":true,"href":"https:\/\/agora.xtec.cat\/ceipjoventutcallus\/wp-json\/wp\/v2\/media\/2843"}],"wp:attachment":[{"href":"https:\/\/agora.xtec.cat\/ceipjoventutcallus\/wp-json\/wp\/v2\/media?parent=2839"}],"wp:term":[{"taxonomy":"category","embeddable":true,"href":"https:\/\/agora.xtec.cat\/ceipjoventutcallus\/wp-json\/wp\/v2\/categories?post=2839"},{"taxonomy":"post_tag","embeddable":true,"href":"https:\/\/agora.xtec.cat\/ceipjoventutcallus\/wp-json\/wp\/v2\/tags?post=2839"}],"curies":[{"name":"wp","href":"https:\/\/api.w.org\/{rel}","templated":true}]}}