{"id":2752,"date":"2020-12-14T13:56:23","date_gmt":"2020-12-14T12:56:23","guid":{"rendered":"https:\/\/agora.xtec.cat\/ceipjoventutcallus\/?p=2752"},"modified":"2020-12-14T13:56:23","modified_gmt":"2020-12-14T12:56:23","slug":"matinal-cientifica-a-infantil","status":"publish","type":"post","link":"https:\/\/agora.xtec.cat\/ceipjoventutcallus\/infantil\/matinal-cientifica-a-infantil\/","title":{"rendered":"MATINAL CIENT\u00cdFICA A INFANTIL"},"content":{"rendered":"<p>Fa unes setmanes, els nens i nenes d&#8217;infantil van gaudir d&#8217;una matinal cient\u00edfica amb el Lab 0-6 de Manresa.<\/p>\n<p>Vam observar insectes bast\u00f3, vam tocar banyes d&#8217;animals, vam pesar amb balances, vam experimentar amb l&#8217;aire, vam mirar pel microscopi, vam fer aigua de colors amb verdures i fruites,..<\/p>\n<p>Ens ho vam passar molt b\u00e9 fent de cient\u00edfics i cient\u00edfiques!!!<\/p>\n<p><strong><a href=\"https:\/\/photos.app.goo.gl\/TJkW7KMMZ7izpimz7\">FOTOS CLASSE DELS TEL\u00c8FONS<\/a><\/strong><\/p>\n<p><strong><a href=\"https:\/\/photos.app.goo.gl\/QhLSRgSDBwuaBQmr9\">FOTOS CLASSE DELS PELUIXOS<\/a><\/strong><\/p>\n<p><strong><a href=\"https:\/\/photos.app.goo.gl\/5xNW5RsbY4piG6e49\">FOTOS CLASSE DELS GLOBUS AEROST\u00c0TICS<\/a><\/strong><\/p>\n<p><strong><a href=\"https:\/\/photos.app.goo.gl\/NmHutyMenPHFQjoZ7\">FOTOS CLASSE DE LES BICICLETES<\/a><\/strong><\/p>\n","protected":false},"excerpt":{"rendered":"<p>Fa unes setmanes, els nens i nenes d&#8217;infantil van gaudir d&#8217;una matinal cient\u00edfica amb el Lab 0-6 de Manresa.<br \/>\nVam observar insectes bast\u00f3, vam tocar banyes d&#8217;animals, vam pesar amb balances, vam experimentar amb l&#8217;aire, vam mirar pel microscopi, vam fer aigua de colors amb verdures&hellip;  <a href=\"https:\/\/agora.xtec.cat\/ceipjoventutcallus\/infantil\/matinal-cientifica-a-infantil\/\" title=\"Read MATINAL CIENT\u00cdFICA A INFANTIL\">Llegeix m\u00e9s\u00bb<\/a><\/p>\n","protected":false},"author":5,"featured_media":0,"comment_status":"closed","ping_status":"closed","sticky":false,"template":"","format":"standard","meta":{"_bbp_topic_count":0,"_bbp_reply_count":0,"_bbp_total_topic_count":0,"_bbp_total_reply_count":0,"_bbp_voice_count":0,"_bbp_anonymous_reply_count":0,"_bbp_topic_count_hidden":0,"_bbp_reply_count_hidden":0,"_bbp_forum_subforum_count":0,"footnotes":""},"categories":[2],"tags":[],"class_list":["post-2752","post","type-post","status-publish","format-standard","hentry","category-infantil"],"post_mailing_queue_ids":[],"_links":{"self":[{"href":"https:\/\/agora.xtec.cat\/ceipjoventutcallus\/wp-json\/wp\/v2\/posts\/2752","targetHints":{"allow":["GET"]}}],"collection":[{"href":"https:\/\/agora.xtec.cat\/ceipjoventutcallus\/wp-json\/wp\/v2\/posts"}],"about":[{"href":"https:\/\/agora.xtec.cat\/ceipjoventutcallus\/wp-json\/wp\/v2\/types\/post"}],"author":[{"embeddable":true,"href":"https:\/\/agora.xtec.cat\/ceipjoventutcallus\/wp-json\/wp\/v2\/users\/5"}],"replies":[{"embeddable":true,"href":"https:\/\/agora.xtec.cat\/ceipjoventutcallus\/wp-json\/wp\/v2\/comments?post=2752"}],"version-history":[{"count":3,"href":"https:\/\/agora.xtec.cat\/ceipjoventutcallus\/wp-json\/wp\/v2\/posts\/2752\/revisions"}],"predecessor-version":[{"id":2807,"href":"https:\/\/agora.xtec.cat\/ceipjoventutcallus\/wp-json\/wp\/v2\/posts\/2752\/revisions\/2807"}],"wp:attachment":[{"href":"https:\/\/agora.xtec.cat\/ceipjoventutcallus\/wp-json\/wp\/v2\/media?parent=2752"}],"wp:term":[{"taxonomy":"category","embeddable":true,"href":"https:\/\/agora.xtec.cat\/ceipjoventutcallus\/wp-json\/wp\/v2\/categories?post=2752"},{"taxonomy":"post_tag","embeddable":true,"href":"https:\/\/agora.xtec.cat\/ceipjoventutcallus\/wp-json\/wp\/v2\/tags?post=2752"}],"curies":[{"name":"wp","href":"https:\/\/api.w.org\/{rel}","templated":true}]}}