{"id":2521,"date":"2020-10-29T16:18:41","date_gmt":"2020-10-29T15:18:41","guid":{"rendered":"https:\/\/agora.xtec.cat\/ceipjoventutcallus\/?p=2521"},"modified":"2020-10-29T16:18:41","modified_gmt":"2020-10-29T15:18:41","slug":"projecte-la-prehistoria","status":"publish","type":"post","link":"https:\/\/agora.xtec.cat\/ceipjoventutcallus\/general\/projecte-la-prehistoria\/","title":{"rendered":"Projecte: La prehist\u00f2ria"},"content":{"rendered":"<p>A cinqu\u00e8 hem treballat el projecte de la prehist\u00f2ria. Tamb\u00e9 ens ha servit per veure les diferents etapes de la hist\u00f2ria escollir el nom de la classe:<\/p>\n<p>5\u00e8 A: La br\u00faixola<\/p>\n<p>5\u00e8 B: El rellotge<\/p>\n<p><a href=\"https:\/\/photos.app.goo.gl\/SDynKLUroJsCrtyX7\"><img loading=\"lazy\" decoding=\"async\" class=\"alignnone size-full wp-image-2520\" src=\"https:\/\/agora.xtec.cat\/ceipjoventutcallus\/wp-content\/uploads\/usu1947\/2020\/10\/presentacio_PH.jpg\" alt=\"\" width=\"600\" height=\"450\" srcset=\"https:\/\/agora.xtec.cat\/ceipjoventutcallus\/wp-content\/uploads\/usu1947\/2020\/10\/presentacio_PH.jpg 600w, https:\/\/agora.xtec.cat\/ceipjoventutcallus\/wp-content\/uploads\/usu1947\/2020\/10\/presentacio_PH-300x225.jpg 300w, https:\/\/agora.xtec.cat\/ceipjoventutcallus\/wp-content\/uploads\/usu1947\/2020\/10\/presentacio_PH-200x150.jpg 200w\" sizes=\"auto, (max-width: 600px) 100vw, 600px\" \/><\/a><\/p>\n<p>&nbsp;<\/p>\n","protected":false},"excerpt":{"rendered":"<p>A cinqu\u00e8 hem treballat el projecte de la prehist\u00f2ria. Tamb\u00e9 ens ha servit per veure les diferents etapes de la hist\u00f2ria escollir el nom de la classe:<br \/>\n5\u00e8 A: La br\u00faixola<br \/>\n5\u00e8 B: El rellotge<br \/>\n<a href=\"https:\/\/photos.app.goo.gl\/SDynKLUroJsCrtyX7\"><\/a><br \/>\n&nbsp;<\/p>\n","protected":false},"author":9,"featured_media":0,"comment_status":"open","ping_status":"closed","sticky":false,"template":"","format":"standard","meta":{"_bbp_topic_count":0,"_bbp_reply_count":0,"_bbp_total_topic_count":0,"_bbp_total_reply_count":0,"_bbp_voice_count":0,"_bbp_anonymous_reply_count":0,"_bbp_topic_count_hidden":0,"_bbp_reply_count_hidden":0,"_bbp_forum_subforum_count":0,"footnotes":""},"categories":[1],"tags":[],"class_list":["post-2521","post","type-post","status-publish","format-standard","hentry","category-general"],"post_mailing_queue_ids":[],"_links":{"self":[{"href":"https:\/\/agora.xtec.cat\/ceipjoventutcallus\/wp-json\/wp\/v2\/posts\/2521","targetHints":{"allow":["GET"]}}],"collection":[{"href":"https:\/\/agora.xtec.cat\/ceipjoventutcallus\/wp-json\/wp\/v2\/posts"}],"about":[{"href":"https:\/\/agora.xtec.cat\/ceipjoventutcallus\/wp-json\/wp\/v2\/types\/post"}],"author":[{"embeddable":true,"href":"https:\/\/agora.xtec.cat\/ceipjoventutcallus\/wp-json\/wp\/v2\/users\/9"}],"replies":[{"embeddable":true,"href":"https:\/\/agora.xtec.cat\/ceipjoventutcallus\/wp-json\/wp\/v2\/comments?post=2521"}],"version-history":[{"count":1,"href":"https:\/\/agora.xtec.cat\/ceipjoventutcallus\/wp-json\/wp\/v2\/posts\/2521\/revisions"}],"predecessor-version":[{"id":2522,"href":"https:\/\/agora.xtec.cat\/ceipjoventutcallus\/wp-json\/wp\/v2\/posts\/2521\/revisions\/2522"}],"wp:attachment":[{"href":"https:\/\/agora.xtec.cat\/ceipjoventutcallus\/wp-json\/wp\/v2\/media?parent=2521"}],"wp:term":[{"taxonomy":"category","embeddable":true,"href":"https:\/\/agora.xtec.cat\/ceipjoventutcallus\/wp-json\/wp\/v2\/categories?post=2521"},{"taxonomy":"post_tag","embeddable":true,"href":"https:\/\/agora.xtec.cat\/ceipjoventutcallus\/wp-json\/wp\/v2\/tags?post=2521"}],"curies":[{"name":"wp","href":"https:\/\/api.w.org\/{rel}","templated":true}]}}