{"id":1315,"date":"2017-10-31T14:11:00","date_gmt":"2017-10-31T13:11:00","guid":{"rendered":"https:\/\/agora.xtec.cat\/ceipjoventutcallus\/general\/festa-de-la-castanyada-2\/"},"modified":"2020-07-25T16:40:43","modified_gmt":"2020-07-25T14:40:43","slug":"festa-de-la-castanyada-2","status":"publish","type":"post","link":"https:\/\/agora.xtec.cat\/ceipjoventutcallus\/cs\/festa-de-la-castanyada-2\/","title":{"rendered":"FESTA DE LA CASTANYADA"},"content":{"rendered":"<div style=\"text-align: justify;\"><span style=\"font-family: Verdana, sans-serif;\">El passat dimarts, 31 doctubre, vam celebrar la Festa de la Castanyada.<\/span><\/div>\n<div style=\"text-align: justify;\"><span style=\"font-family: Verdana, sans-serif;\">Tots els alumnes de l&#8217;escola ens vam reunir al pati i vam fer jocs.<\/span><\/div>\n<div style=\"text-align: justify;\"><span style=\"font-family: Verdana, sans-serif;\">Els alumnes d&#8217;educaci\u00f3 infantil van jugar a la pista poliesportiva. Els alumnes d&#8217;educaci\u00f3 prim\u00e0ria van jugar al recinte del pati.<\/span><\/div>\n<div style=\"text-align: justify;\"><span style=\"font-family: Verdana, sans-serif;\">Els nens i nenes de cinqu\u00e8 van fer de caps de colla dels diferents grups de joc. Tots els jocs els van fer els alumnes de sis\u00e8.<\/span><\/div>\n<div style=\"text-align: justify;\"><span style=\"font-family: Verdana, sans-serif;\">Ens ho vam passar molt b\u00e9.<\/span><\/div>\n<div style=\"text-align: justify;\"><span style=\"font-family: Verdana, sans-serif;\">Un grup de pares van torrar castanyes al pati. Unes castenyeres (&#8230;per\u00f2 castanyeres de veritat) ens van donar les castanyes a tots els nens i nenes de l&#8217;escola.<\/span><\/div>\n<div style=\"text-align: justify;\"><span style=\"font-family: Verdana, sans-serif;\">Les castanyes i la beguda ens la va donar l&#8217;AMPA.<\/span><\/div>\n<div style=\"text-align: justify;\"><span style=\"font-family: Verdana, sans-serif;\"><br \/><\/span><\/div>\n<div style=\"clear: both; text-align: center;\"><a href=\"https:\/\/photos.app.goo.gl\/VRAc7WWZUbHBMiJq2\"><img loading=\"lazy\" decoding=\"async\" border=\"0\" data-original-height=\"1200\" data-original-width=\"1600\" height=\"240\" src=\"https:\/\/1.bp.blogspot.com\/-PAKTDSD2sfY\/WfsBzl-FUrI\/AAAAAAAAOOQ\/yoSnBOe1dtUJDreri2St0U0P834ckda-QCLcBGAs\/s320\/DSCN0205.JPG\" width=\"320\" \/><\/a><\/div>\n<div style=\"text-align: justify;\"><span style=\"font-family: Verdana, sans-serif;\"><br \/><\/span><\/div>\n<div><\/div>\n","protected":false},"excerpt":{"rendered":"<p>El passat dimarts, 31 doctubre, vam celebrar la Festa de la Castanyada.<br \/>\nTots els alumnes de l&#8217;escola ens vam reunir al pati i vam fer jocs.<br \/>\nEls alumnes d&#8217;educaci\u00f3 infantil van jugar a la pista poliesportiva. Els alumnes d&#8217;educaci\u00f3 prim\u00e0ria van jugar al recinte del pati.<br \/>\nEls nens&hellip;  <a href=\"https:\/\/agora.xtec.cat\/ceipjoventutcallus\/cs\/festa-de-la-castanyada-2\/\" title=\"Read FESTA DE LA CASTANYADA\">Llegeix m\u00e9s\u00bb<\/a><\/p>\n","protected":false},"author":8,"featured_media":0,"comment_status":"open","ping_status":"closed","sticky":false,"template":"","format":"standard","meta":{"_bbp_topic_count":0,"_bbp_reply_count":0,"_bbp_total_topic_count":0,"_bbp_total_reply_count":0,"_bbp_voice_count":0,"_bbp_anonymous_reply_count":0,"_bbp_topic_count_hidden":0,"_bbp_reply_count_hidden":0,"_bbp_forum_subforum_count":0,"footnotes":""},"categories":[63],"tags":[],"class_list":["post-1315","post","type-post","status-publish","format-standard","hentry","category-cs"],"post_mailing_queue_ids":[],"_links":{"self":[{"href":"https:\/\/agora.xtec.cat\/ceipjoventutcallus\/wp-json\/wp\/v2\/posts\/1315","targetHints":{"allow":["GET"]}}],"collection":[{"href":"https:\/\/agora.xtec.cat\/ceipjoventutcallus\/wp-json\/wp\/v2\/posts"}],"about":[{"href":"https:\/\/agora.xtec.cat\/ceipjoventutcallus\/wp-json\/wp\/v2\/types\/post"}],"author":[{"embeddable":true,"href":"https:\/\/agora.xtec.cat\/ceipjoventutcallus\/wp-json\/wp\/v2\/users\/8"}],"replies":[{"embeddable":true,"href":"https:\/\/agora.xtec.cat\/ceipjoventutcallus\/wp-json\/wp\/v2\/comments?post=1315"}],"version-history":[{"count":1,"href":"https:\/\/agora.xtec.cat\/ceipjoventutcallus\/wp-json\/wp\/v2\/posts\/1315\/revisions"}],"predecessor-version":[{"id":1850,"href":"https:\/\/agora.xtec.cat\/ceipjoventutcallus\/wp-json\/wp\/v2\/posts\/1315\/revisions\/1850"}],"wp:attachment":[{"href":"https:\/\/agora.xtec.cat\/ceipjoventutcallus\/wp-json\/wp\/v2\/media?parent=1315"}],"wp:term":[{"taxonomy":"category","embeddable":true,"href":"https:\/\/agora.xtec.cat\/ceipjoventutcallus\/wp-json\/wp\/v2\/categories?post=1315"},{"taxonomy":"post_tag","embeddable":true,"href":"https:\/\/agora.xtec.cat\/ceipjoventutcallus\/wp-json\/wp\/v2\/tags?post=1315"}],"curies":[{"name":"wp","href":"https:\/\/api.w.org\/{rel}","templated":true}]}}