{"id":1288,"date":"2018-01-16T17:47:00","date_gmt":"2018-01-16T16:47:00","guid":{"rendered":"https:\/\/agora.xtec.cat\/ceipjoventutcallus\/general\/visita-de-licl-manresa\/"},"modified":"2020-07-25T16:33:33","modified_gmt":"2020-07-25T14:33:33","slug":"visita-de-licl-manresa","status":"publish","type":"post","link":"https:\/\/agora.xtec.cat\/ceipjoventutcallus\/cs\/visita-de-licl-manresa\/","title":{"rendered":"VISITA DE L&#8217;ICL MANRESA"},"content":{"rendered":"<div style=\"text-align: justify;\"><span style=\"font-family: &quot;verdana&quot; , sans-serif;\">Avui, 16 de gener de 2018, els alumnes de cicle superior de l&#8217;Escola Joventut hem rebut la visita de dos jugadors de b\u00e0squet de la plantilla de l&#8217;ICL Manresa.<\/span><\/div>\n<div style=\"text-align: justify;\"><span style=\"font-family: &quot;verdana&quot; , sans-serif;\">Acompanyats del callussenc i Cap de Premsa del club, Dami\u00e0 Badia, l&#8217;\u00c1lvaro i el Jordan han at\u00e8s les preguntes dels alumnes de cinqu\u00e8 i de sis\u00e8.<\/span><\/div>\n<div style=\"text-align: justify;\"><span style=\"font-family: &quot;verdana&quot; , sans-serif;\">Posteriorment han signat unes targetes, hem fet una foto de grup i hem passat a jugar a la pista amb els dos jugadors.<\/span><\/div>\n<div style=\"text-align: justify;\"><span style=\"font-family: &quot;verdana&quot; , sans-serif;\"><br \/><\/span><\/div>\n<div style=\"text-align: justify;\"><span style=\"font-family: &quot;verdana&quot; , sans-serif;\"><br \/><\/span><\/div>\n<div style=\"clear: both; text-align: center;\"><a href=\"https:\/\/photos.app.goo.gl\/XGsKNycsSqB3udCP2\"><img loading=\"lazy\" decoding=\"async\" border=\"0\" data-original-height=\"1200\" data-original-width=\"1600\" height=\"240\" src=\"https:\/\/2.bp.blogspot.com\/-iNRQNGYzHy4\/Wl4d_v98k4I\/AAAAAAAAPDM\/kB_44qB0eawuKZn97q6MaKSCeMVZcjQEwCLcBGAs\/s320\/DSCN0490.JPG\" width=\"320\" \/><\/a><\/div>\n<div style=\"clear: both; text-align: center;\"><\/div>\n<div style=\"clear: both; text-align: center;\"><\/div>\n<p> <iframe loading=\"lazy\" width=\"560\" height=\"315\" src=\"https:\/\/www.youtube.com\/embed\/PBlGN7AN3ug\" frameborder=\"0\" allow=\"autoplay; encrypted-media\" allowfullscreen><\/iframe> <iframe loading=\"lazy\" width=\"560\" height=\"315\" src=\"https:\/\/www.youtube.com\/embed\/BRaOJVbuLNk\" frameborder=\"0\" allow=\"autoplay; encrypted-media\" allowfullscreen><\/iframe> <iframe loading=\"lazy\" width=\"560\" height=\"315\" src=\"https:\/\/www.youtube.com\/embed\/yZWOTQ3lB9E\" frameborder=\"0\" allow=\"autoplay; encrypted-media\" allowfullscreen><\/iframe> <iframe loading=\"lazy\" width=\"560\" height=\"315\" src=\"https:\/\/www.youtube.com\/embed\/mSWenIStxfs\" frameborder=\"0\" allow=\"autoplay; encrypted-media\" allowfullscreen><\/iframe> <iframe loading=\"lazy\" width=\"560\" height=\"315\" src=\"https:\/\/www.youtube.com\/embed\/kL1wAhbF5hM\" frameborder=\"0\" allow=\"autoplay; encrypted-media\" allowfullscreen><\/iframe> <iframe loading=\"lazy\" width=\"560\" height=\"315\" src=\"https:\/\/www.youtube.com\/embed\/sHjadk7OSeg\" frameborder=\"0\" allow=\"autoplay; encrypted-media\" allowfullscreen><\/iframe><\/p>\n","protected":false},"excerpt":{"rendered":"<p>Avui, 16 de gener de 2018, els alumnes de cicle superior de l&#8217;Escola Joventut hem rebut la visita de dos jugadors de b\u00e0squet de la plantilla de l&#8217;ICL Manresa.<br \/>\nAcompanyats del callussenc i Cap de Premsa del club, Dami\u00e0 Badia, l&#8217;\u00c1lvaro i el Jordan han at\u00e8s&hellip;  <a href=\"https:\/\/agora.xtec.cat\/ceipjoventutcallus\/cs\/visita-de-licl-manresa\/\" title=\"Read VISITA DE L&#8217;ICL MANRESA\">Llegeix m\u00e9s\u00bb<\/a><\/p>\n","protected":false},"author":8,"featured_media":0,"comment_status":"open","ping_status":"closed","sticky":false,"template":"","format":"standard","meta":{"_bbp_topic_count":0,"_bbp_reply_count":0,"_bbp_total_topic_count":0,"_bbp_total_reply_count":0,"_bbp_voice_count":0,"_bbp_anonymous_reply_count":0,"_bbp_topic_count_hidden":0,"_bbp_reply_count_hidden":0,"_bbp_forum_subforum_count":0,"footnotes":""},"categories":[63],"tags":[],"class_list":["post-1288","post","type-post","status-publish","format-standard","hentry","category-cs"],"post_mailing_queue_ids":[],"_links":{"self":[{"href":"https:\/\/agora.xtec.cat\/ceipjoventutcallus\/wp-json\/wp\/v2\/posts\/1288","targetHints":{"allow":["GET"]}}],"collection":[{"href":"https:\/\/agora.xtec.cat\/ceipjoventutcallus\/wp-json\/wp\/v2\/posts"}],"about":[{"href":"https:\/\/agora.xtec.cat\/ceipjoventutcallus\/wp-json\/wp\/v2\/types\/post"}],"author":[{"embeddable":true,"href":"https:\/\/agora.xtec.cat\/ceipjoventutcallus\/wp-json\/wp\/v2\/users\/8"}],"replies":[{"embeddable":true,"href":"https:\/\/agora.xtec.cat\/ceipjoventutcallus\/wp-json\/wp\/v2\/comments?post=1288"}],"version-history":[{"count":1,"href":"https:\/\/agora.xtec.cat\/ceipjoventutcallus\/wp-json\/wp\/v2\/posts\/1288\/revisions"}],"predecessor-version":[{"id":1693,"href":"https:\/\/agora.xtec.cat\/ceipjoventutcallus\/wp-json\/wp\/v2\/posts\/1288\/revisions\/1693"}],"wp:attachment":[{"href":"https:\/\/agora.xtec.cat\/ceipjoventutcallus\/wp-json\/wp\/v2\/media?parent=1288"}],"wp:term":[{"taxonomy":"category","embeddable":true,"href":"https:\/\/agora.xtec.cat\/ceipjoventutcallus\/wp-json\/wp\/v2\/categories?post=1288"},{"taxonomy":"post_tag","embeddable":true,"href":"https:\/\/agora.xtec.cat\/ceipjoventutcallus\/wp-json\/wp\/v2\/tags?post=1288"}],"curies":[{"name":"wp","href":"https:\/\/api.w.org\/{rel}","templated":true}]}}