{"id":1286,"date":"2018-01-19T11:20:00","date_gmt":"2018-01-19T10:20:00","guid":{"rendered":"https:\/\/agora.xtec.cat\/ceipjoventutcallus\/general\/emprenedoria-activitats-del-mes-de-gener\/"},"modified":"2020-07-25T16:33:49","modified_gmt":"2020-07-25T14:33:49","slug":"emprenedoria-activitats-del-mes-de-gener","status":"publish","type":"post","link":"https:\/\/agora.xtec.cat\/ceipjoventutcallus\/cs\/emprenedoria-activitats-del-mes-de-gener\/","title":{"rendered":"EMPRENEDORIA: Activitats del mes de gener"},"content":{"rendered":"<div style=\"text-align: justify;\"><span style=\"font-family: &quot;verdana&quot; , sans-serif;\">En treball cooperatiu i per equips hem acordat l&#8217;elecci\u00f3 dels productes que farem.<\/span><\/p>\n<div style=\"clear: both; text-align: center;\"><a href=\"https:\/\/photos.app.goo.gl\/Oyqj6hEJq1SrJMTp1\"><img loading=\"lazy\" decoding=\"async\" border=\"0\" data-original-height=\"1205\" data-original-width=\"1600\" height=\"241\" src=\"https:\/\/3.bp.blogspot.com\/-RPurdpIDDCk\/WmG93_WpOTI\/AAAAAAAAPKc\/w0jXAXOLyHoh_1AA2EK7bpNzYVW8DOO3QCLcBGAs\/s320\/HPIM4752.JPG\" width=\"320\" \/><\/a><\/div>\n<p><span style=\"font-family: &quot;verdana&quot; , sans-serif;\"><br \/><\/span><span style=\"font-family: &quot;verdana&quot; , sans-serif;\"><br \/><\/span><span style=\"font-family: &quot;verdana&quot; , sans-serif;\">Hem anat a l&#8217;Ajuntament de Call\u00fas a lliurar una inst\u00e0ncia per demanar el NIF de la nostra cooperativa, que porta per nom <b>MANUAL COOP.&nbsp;<\/b><\/span><\/div>\n<div style=\"text-align: justify;\"><span style=\"font-family: &quot;verdana&quot; , sans-serif;\">Ens ha rebut el Sr. Alcalde, Joan Badia, li hem explicat el nostre projecte. Li hem demanat una visita per l&#8217;Ajuntament per aprendre quina funci\u00f3 t\u00e9 aquesta instituci\u00f3 local, sobretot l&#8217;\u00e0rea d&#8217;atenci\u00f3 al ciutad\u00e0.<\/span><\/div>\n<div style=\"clear: both; text-align: center;\"><a href=\"https:\/\/photos.app.goo.gl\/Oyqj6hEJq1SrJMTp1\"><img loading=\"lazy\" decoding=\"async\" border=\"0\" data-original-height=\"1200\" data-original-width=\"1600\" height=\"240\" src=\"https:\/\/1.bp.blogspot.com\/-kZnjSVF9jmM\/WmG4WhXHFEI\/AAAAAAAAPHw\/EiHylkfcxPEO5njn1yjk5rr-cfsyMgeLgCLcBGAs\/s320\/DSCN0548.JPG\" width=\"320\" \/><\/a><\/div>\n<p><\/p>\n","protected":false},"excerpt":{"rendered":"<p>En treball cooperatiu i per equips hem acordat l&#8217;elecci\u00f3 dels productes que farem.<br \/>\n<a href=\"https:\/\/photos.app.goo.gl\/Oyqj6hEJq1SrJMTp1\"><\/a><br \/>\nHem anat a l&#8217;Ajuntament de Call\u00fas a lliurar una inst\u00e0ncia per demanar el NIF de la nostra cooperativa, que porta per nom MANUAL COOP.&nbsp;<br \/>\nEns ha rebut el Sr. Alcalde, Joan Badia, li&hellip;  <a href=\"https:\/\/agora.xtec.cat\/ceipjoventutcallus\/cs\/emprenedoria-activitats-del-mes-de-gener\/\" title=\"Read EMPRENEDORIA: Activitats del mes de gener\">Llegeix m\u00e9s\u00bb<\/a><\/p>\n","protected":false},"author":8,"featured_media":0,"comment_status":"open","ping_status":"closed","sticky":false,"template":"","format":"standard","meta":{"_bbp_topic_count":0,"_bbp_reply_count":0,"_bbp_total_topic_count":0,"_bbp_total_reply_count":0,"_bbp_voice_count":0,"_bbp_anonymous_reply_count":0,"_bbp_topic_count_hidden":0,"_bbp_reply_count_hidden":0,"_bbp_forum_subforum_count":0,"footnotes":""},"categories":[63],"tags":[],"class_list":["post-1286","post","type-post","status-publish","format-standard","hentry","category-cs"],"post_mailing_queue_ids":[],"_links":{"self":[{"href":"https:\/\/agora.xtec.cat\/ceipjoventutcallus\/wp-json\/wp\/v2\/posts\/1286","targetHints":{"allow":["GET"]}}],"collection":[{"href":"https:\/\/agora.xtec.cat\/ceipjoventutcallus\/wp-json\/wp\/v2\/posts"}],"about":[{"href":"https:\/\/agora.xtec.cat\/ceipjoventutcallus\/wp-json\/wp\/v2\/types\/post"}],"author":[{"embeddable":true,"href":"https:\/\/agora.xtec.cat\/ceipjoventutcallus\/wp-json\/wp\/v2\/users\/8"}],"replies":[{"embeddable":true,"href":"https:\/\/agora.xtec.cat\/ceipjoventutcallus\/wp-json\/wp\/v2\/comments?post=1286"}],"version-history":[{"count":1,"href":"https:\/\/agora.xtec.cat\/ceipjoventutcallus\/wp-json\/wp\/v2\/posts\/1286\/revisions"}],"predecessor-version":[{"id":1696,"href":"https:\/\/agora.xtec.cat\/ceipjoventutcallus\/wp-json\/wp\/v2\/posts\/1286\/revisions\/1696"}],"wp:attachment":[{"href":"https:\/\/agora.xtec.cat\/ceipjoventutcallus\/wp-json\/wp\/v2\/media?parent=1286"}],"wp:term":[{"taxonomy":"category","embeddable":true,"href":"https:\/\/agora.xtec.cat\/ceipjoventutcallus\/wp-json\/wp\/v2\/categories?post=1286"},{"taxonomy":"post_tag","embeddable":true,"href":"https:\/\/agora.xtec.cat\/ceipjoventutcallus\/wp-json\/wp\/v2\/tags?post=1286"}],"curies":[{"name":"wp","href":"https:\/\/api.w.org\/{rel}","templated":true}]}}