{"id":1280,"date":"2018-02-02T11:26:00","date_gmt":"2018-02-02T10:26:00","guid":{"rendered":"https:\/\/agora.xtec.cat\/ceipjoventutcallus\/general\/projecte-lantic-egipte\/"},"modified":"2020-07-25T16:32:41","modified_gmt":"2020-07-25T14:32:41","slug":"projecte-lantic-egipte","status":"publish","type":"post","link":"https:\/\/agora.xtec.cat\/ceipjoventutcallus\/cs\/projecte-lantic-egipte\/","title":{"rendered":"PROJECTE: L&#8217;ANTIC EGIPTE"},"content":{"rendered":"<div style=\"text-align: justify;\"><span style=\"font-family: Verdana, sans-serif;\">Els alumnes de cinqu\u00e8 i sis\u00e8 de l&#8217;escola hem comen\u00e7at a treballar amb el Projecte de Coneixement del Medi: L&#8217;Antic Egipte.<\/span><\/div>\n<div style=\"text-align: justify;\"><span style=\"font-family: Verdana, sans-serif;\">Volem aprendre moltes coses. El proper divendres, 9 de febrer, anirem al Museu Egipci de Barcelona. Farem una visita guiada i dos tallers: Taller d&#8217;escriptura (jerogl\u00edfics) i Taller d&#8217;art.<\/span><\/div>\n<div style=\"text-align: justify;\"><span style=\"font-family: Verdana, sans-serif;\"><br \/><\/span><\/div>\n<p><\/p>\n<div style=\"clear: both; text-align: center;\"><a href=\"https:\/\/irbarcelona.cat\/museus-de-barcelona\/museu-egipci-de-barcelona\/\"><img loading=\"lazy\" decoding=\"async\" border=\"0\" data-original-height=\"137\" data-original-width=\"367\" height=\"117\" src=\"https:\/\/4.bp.blogspot.com\/-V2ZA3ogkwD8\/WnQujgtAUcI\/AAAAAAAAPVE\/U3yG4DMwKeY25QFpz_dZx5FtU3jGZmKVwCLcBGAs\/s320\/me_bcn.jpg\" width=\"320\" \/><\/a><\/div>\n<p><\/p>\n<div style=\"clear: both; text-align: center;\"><a href=\"https:\/\/3.bp.blogspot.com\/-mLrCHtAFp9M\/WnQukk0UPzI\/AAAAAAAAPVI\/pQbXBoAh9HQpJsx1SQer0tLr7MauoaTRQCLcBGAs\/s1600\/me_bcn_02.jpg\" style=\"margin-left: 1em; margin-right: 1em;\"><img decoding=\"async\" border=\"0\" data-original-height=\"225\" data-original-width=\"225\" src=\"https:\/\/3.bp.blogspot.com\/-mLrCHtAFp9M\/WnQukk0UPzI\/AAAAAAAAPVI\/pQbXBoAh9HQpJsx1SQer0tLr7MauoaTRQCLcBGAs\/s1600\/me_bcn_02.jpg\" \/><\/a><\/div>\n<p><\/p>\n","protected":false},"excerpt":{"rendered":"<p>Els alumnes de cinqu\u00e8 i sis\u00e8 de l&#8217;escola hem comen\u00e7at a treballar amb el Projecte de Coneixement del Medi: L&#8217;Antic Egipte.<br \/>\nVolem aprendre moltes coses. El proper divendres, 9 de febrer, anirem al Museu Egipci de Barcelona. Farem una visita guiada i dos tallers: Taller d&#8217;escriptura&hellip;  <a href=\"https:\/\/agora.xtec.cat\/ceipjoventutcallus\/cs\/projecte-lantic-egipte\/\" title=\"Read PROJECTE: L&#8217;ANTIC EGIPTE\">Llegeix m\u00e9s\u00bb<\/a><\/p>\n","protected":false},"author":8,"featured_media":0,"comment_status":"open","ping_status":"closed","sticky":false,"template":"","format":"standard","meta":{"_bbp_topic_count":0,"_bbp_reply_count":0,"_bbp_total_topic_count":0,"_bbp_total_reply_count":0,"_bbp_voice_count":0,"_bbp_anonymous_reply_count":0,"_bbp_topic_count_hidden":0,"_bbp_reply_count_hidden":0,"_bbp_forum_subforum_count":0,"footnotes":""},"categories":[63],"tags":[],"class_list":["post-1280","post","type-post","status-publish","format-standard","hentry","category-cs"],"post_mailing_queue_ids":[],"_links":{"self":[{"href":"https:\/\/agora.xtec.cat\/ceipjoventutcallus\/wp-json\/wp\/v2\/posts\/1280","targetHints":{"allow":["GET"]}}],"collection":[{"href":"https:\/\/agora.xtec.cat\/ceipjoventutcallus\/wp-json\/wp\/v2\/posts"}],"about":[{"href":"https:\/\/agora.xtec.cat\/ceipjoventutcallus\/wp-json\/wp\/v2\/types\/post"}],"author":[{"embeddable":true,"href":"https:\/\/agora.xtec.cat\/ceipjoventutcallus\/wp-json\/wp\/v2\/users\/8"}],"replies":[{"embeddable":true,"href":"https:\/\/agora.xtec.cat\/ceipjoventutcallus\/wp-json\/wp\/v2\/comments?post=1280"}],"version-history":[{"count":1,"href":"https:\/\/agora.xtec.cat\/ceipjoventutcallus\/wp-json\/wp\/v2\/posts\/1280\/revisions"}],"predecessor-version":[{"id":1689,"href":"https:\/\/agora.xtec.cat\/ceipjoventutcallus\/wp-json\/wp\/v2\/posts\/1280\/revisions\/1689"}],"wp:attachment":[{"href":"https:\/\/agora.xtec.cat\/ceipjoventutcallus\/wp-json\/wp\/v2\/media?parent=1280"}],"wp:term":[{"taxonomy":"category","embeddable":true,"href":"https:\/\/agora.xtec.cat\/ceipjoventutcallus\/wp-json\/wp\/v2\/categories?post=1280"},{"taxonomy":"post_tag","embeddable":true,"href":"https:\/\/agora.xtec.cat\/ceipjoventutcallus\/wp-json\/wp\/v2\/tags?post=1280"}],"curies":[{"name":"wp","href":"https:\/\/api.w.org\/{rel}","templated":true}]}}