{"id":1275,"date":"2018-02-16T11:36:00","date_gmt":"2018-02-16T10:36:00","guid":{"rendered":"https:\/\/agora.xtec.cat\/ceipjoventutcallus\/general\/emprenedoria-banca-etica\/"},"modified":"2020-07-25T16:31:43","modified_gmt":"2020-07-25T14:31:43","slug":"emprenedoria-banca-etica","status":"publish","type":"post","link":"https:\/\/agora.xtec.cat\/ceipjoventutcallus\/cs\/emprenedoria-banca-etica\/","title":{"rendered":"EMPRENEDORIA: Banca \u00e8tica"},"content":{"rendered":"<div style=\"text-align: justify;\"><span style=\"font-family: Verdana, sans-serif;\">L&#8217;Elisabet \u00e9s de Fiare Banca \u00c8tica i va visitar els alumnes de cinqu\u00e8, Els Musicals.<\/span><\/div>\n<div style=\"text-align: justify;\"><span style=\"font-family: Verdana, sans-serif;\">Dins el projecte d&#8217;emprenedoria, l&#8217;Elisabet ens va fer una xerrada per explicar-nos qu\u00e8 \u00e9s la Banca \u00c8tica, d&#8217;on provenen els seus diners i a qu\u00e8 es dediquen els diners que poden deixar en pr\u00e9stec.<\/span><\/div>\n<div style=\"text-align: justify;\"><span style=\"font-family: Verdana, sans-serif;\">Nosaltres li vam explicar el nostre projecte i li vam presentar la nostra cooperativa. Un cop exposades les nostres necessitats l&#8217;Elilasebet ens va assegurarveu viable el nostre projecte i d&#8217;aqu\u00ed a uns dies ens comunicaran la decisi\u00f3. A m\u00e9s a m\u00e9s ens va afirmar que un cop tornem els diners serviran per<span style=\"border: 0px; font-stretch: inherit; font-variant-east-asian: inherit; font-variant-numeric: inherit; font-weight: 700; line-height: inherit; margin: 0px; outline: 0px; padding: 0px; text-align: justify; vertical-align: baseline;\">&nbsp;finan\u00e7ar el desenvolupament&nbsp;<\/span><span style=\"text-align: justify;\">cooperatiu, els valors transformadors, l&#8217;agroecologia, la cooperaci\u00f3 al desenvolupament, el comer\u00e7 just i la lluita contra l&#8217;exclusi\u00f3 social.<\/span><\/span><\/div>\n<div style=\"text-align: justify;\"><span style=\"font-family: Verdana, sans-serif;\"><span style=\"color: #666666; font-size: 14px; text-align: justify;\"><br \/><\/span><\/span><\/div>\n<div style=\"clear: both; text-align: center;\"><a href=\"https:\/\/photos.app.goo.gl\/Jk7XLFBVLywXCZzz2\"><img loading=\"lazy\" decoding=\"async\" border=\"0\" data-original-height=\"1205\" data-original-width=\"1600\" height=\"241\" src=\"https:\/\/3.bp.blogspot.com\/-I_g5o_qbAYA\/WoahxR-oE1I\/AAAAAAAAPoY\/01xPSE9v38cSh0B_xriLVEsO3faqrVYuQCLcBGAs\/s320\/HPIM4807.JPG\" width=\"320\" \/><\/a><\/div>\n<div style=\"clear: both; text-align: center;\"><a href=\"https:\/\/4.bp.blogspot.com\/-EO4IFXGv_tE\/Woakx-_D3nI\/AAAAAAAAPp4\/LFewETafsIsQ14-l4znxZdYKNtz-T3TiACLcBGAs\/s1600\/logo_fiare.jpg.png\" style=\"margin-left: 1em; margin-right: 1em;\"><img decoding=\"async\" border=\"0\" data-original-height=\"84\" data-original-width=\"218\" src=\"https:\/\/4.bp.blogspot.com\/-EO4IFXGv_tE\/Woakx-_D3nI\/AAAAAAAAPp4\/LFewETafsIsQ14-l4znxZdYKNtz-T3TiACLcBGAs\/s1600\/logo_fiare.jpg.png\" \/><\/a><\/div>\n<div style=\"clear: both; text-align: center;\"><\/div>\n<div style=\"text-align: justify;\"><\/div>\n<p><span style=\"font-family: Verdana, sans-serif;\"><span style=\"text-align: justify;\">Fiare Banca Etica neix de la uni\u00f3 de dos projectes basats en les finances<\/span><\/span><br \/><span style=\"font-family: Verdana, sans-serif;\"><span style=\"text-align: justify;\">\u00e8tiques:&nbsp;<\/span><a href=\"https:\/\/www.fiarebancaetica.coop\/ca\/banca-popolare-etica\" style=\"border: 0px; font-stretch: inherit; font-variant-east-asian: inherit; font-variant-numeric: inherit; line-height: inherit; margin: 0px; outline: 0px; padding: 0px; text-align: justify; vertical-align: baseline;\">Banca Popolare Etica<\/a><span style=\"text-align: justify;\">, un banc cooperatiu que treballa a It\u00e0lia des del 1999 i<\/span><span style=\"border: 0px; font-stretch: inherit; font-variant-east-asian: inherit; font-variant-numeric: inherit; font-weight: 700; line-height: inherit; margin: 0px; outline: 0px; padding: 0px; text-align: justify; vertical-align: baseline;\">&nbsp;Fiare<\/span><span style=\"text-align: justify;\">&nbsp;que opera a Espanya des del 2005. Tots dos volen ser una eina al servei de la transformaci\u00f3 social a trav\u00e9s del finan\u00e7ament de projectes d<\/span><span style=\"border: 0px; font-stretch: inherit; font-variant-east-asian: inherit; font-variant-numeric: inherit; line-height: inherit; margin: 0px; outline: 0px; padding: 0px; text-align: justify; vertical-align: baseline;\">e&nbsp;<\/span><span style=\"border: 0px; font-stretch: inherit; font-variant-east-asian: inherit; font-variant-numeric: inherit; font-weight: 700; line-height: inherit; margin: 0px; outline: 0px; padding: 0px; text-align: justify; vertical-align: baseline;\">l&#8217;economia social i solid\u00e0ria i la promoci\u00f3 d&#8217;una cultura de la intermediaci\u00f3 financera<\/span><span style=\"text-align: justify;\">, sota els principis de la transpar\u00e8ncia, la participaci\u00f3, la democr\u00e0cia i el cr\u00e8dit com a dret.<\/span><\/span><br \/><span style=\"font-family: Verdana, sans-serif;\"><span style=\"border: 0px; font-stretch: inherit; font-variant-east-asian: inherit; font-variant-numeric: inherit; font-weight: 700; line-height: inherit; margin: 0px; outline: 0px; padding: 0px; text-align: justify; vertical-align: baseline;\">Tota decisi\u00f3 econ\u00f2mica \u00e9s una decisi\u00f3 \u00e8tica,<\/span><span style=\"text-align: justify;\">&nbsp;assumida des d&#8217;un marc de conviccions i les conseq\u00fc\u00e8ncies de les quals afavoreixen a uns i perjudiquen a uns altres. El nostre objectiu \u00e9s recuperar el valor social dels diners. \u00c9s per<\/span><\/span><br \/><span style=\"font-family: Verdana, sans-serif;\"><span style=\"text-align: justify;\">aix\u00f2 que els&nbsp;<\/span><span style=\"border: 0px; font-stretch: inherit; font-variant-east-asian: inherit; font-variant-numeric: inherit; font-weight: 700; line-height: inherit; margin: 0px; outline: 0px; padding: 0px; text-align: justify; vertical-align: baseline;\">dip\u00f2sits d&#8217;estalvi&nbsp;<\/span><span style=\"text-align: justify;\">de les persones i organitzacions que compartim aquests principis.<\/span><\/span><\/p>\n<div style=\"text-align: justify;\"><\/div>\n","protected":false},"excerpt":{"rendered":"<p>L&#8217;Elisabet \u00e9s de Fiare Banca \u00c8tica i va visitar els alumnes de cinqu\u00e8, Els Musicals.<br \/>\nDins el projecte d&#8217;emprenedoria, l&#8217;Elisabet ens va fer una xerrada per explicar-nos qu\u00e8 \u00e9s la Banca \u00c8tica, d&#8217;on provenen els seus diners i a qu\u00e8 es dediquen els diners que poden&hellip;  <a href=\"https:\/\/agora.xtec.cat\/ceipjoventutcallus\/cs\/emprenedoria-banca-etica\/\" title=\"Read EMPRENEDORIA: Banca \u00e8tica\">Llegeix m\u00e9s\u00bb<\/a><\/p>\n","protected":false},"author":8,"featured_media":0,"comment_status":"open","ping_status":"closed","sticky":false,"template":"","format":"standard","meta":{"_bbp_topic_count":0,"_bbp_reply_count":0,"_bbp_total_topic_count":0,"_bbp_total_reply_count":0,"_bbp_voice_count":0,"_bbp_anonymous_reply_count":0,"_bbp_topic_count_hidden":0,"_bbp_reply_count_hidden":0,"_bbp_forum_subforum_count":0,"footnotes":""},"categories":[63],"tags":[],"class_list":["post-1275","post","type-post","status-publish","format-standard","hentry","category-cs"],"post_mailing_queue_ids":[],"_links":{"self":[{"href":"https:\/\/agora.xtec.cat\/ceipjoventutcallus\/wp-json\/wp\/v2\/posts\/1275","targetHints":{"allow":["GET"]}}],"collection":[{"href":"https:\/\/agora.xtec.cat\/ceipjoventutcallus\/wp-json\/wp\/v2\/posts"}],"about":[{"href":"https:\/\/agora.xtec.cat\/ceipjoventutcallus\/wp-json\/wp\/v2\/types\/post"}],"author":[{"embeddable":true,"href":"https:\/\/agora.xtec.cat\/ceipjoventutcallus\/wp-json\/wp\/v2\/users\/8"}],"replies":[{"embeddable":true,"href":"https:\/\/agora.xtec.cat\/ceipjoventutcallus\/wp-json\/wp\/v2\/comments?post=1275"}],"version-history":[{"count":1,"href":"https:\/\/agora.xtec.cat\/ceipjoventutcallus\/wp-json\/wp\/v2\/posts\/1275\/revisions"}],"predecessor-version":[{"id":1681,"href":"https:\/\/agora.xtec.cat\/ceipjoventutcallus\/wp-json\/wp\/v2\/posts\/1275\/revisions\/1681"}],"wp:attachment":[{"href":"https:\/\/agora.xtec.cat\/ceipjoventutcallus\/wp-json\/wp\/v2\/media?parent=1275"}],"wp:term":[{"taxonomy":"category","embeddable":true,"href":"https:\/\/agora.xtec.cat\/ceipjoventutcallus\/wp-json\/wp\/v2\/categories?post=1275"},{"taxonomy":"post_tag","embeddable":true,"href":"https:\/\/agora.xtec.cat\/ceipjoventutcallus\/wp-json\/wp\/v2\/tags?post=1275"}],"curies":[{"name":"wp","href":"https:\/\/api.w.org\/{rel}","templated":true}]}}