{"id":1251,"date":"2018-06-07T20:32:00","date_gmt":"2018-06-07T18:32:00","guid":{"rendered":"https:\/\/agora.xtec.cat\/ceipjoventutcallus\/general\/colonies-de-cicle-superior-a-malgrat-de-mar\/"},"modified":"2020-07-25T16:27:33","modified_gmt":"2020-07-25T14:27:33","slug":"colonies-de-cicle-superior-a-malgrat-de-mar","status":"publish","type":"post","link":"https:\/\/agora.xtec.cat\/ceipjoventutcallus\/cs\/colonies-de-cicle-superior-a-malgrat-de-mar\/","title":{"rendered":"Col\u00f2nies de Cicle Superior a Malgrat de Mar"},"content":{"rendered":"<p>A Malgrat de Mar estem de col\u00f2nies fent activitats aqu\u00e0tiques.<\/p>\n<div style=\"clear: both; text-align: center;\"><a href=\"https:\/\/photos.app.goo.gl\/JpTCZ958SpDyRqzVA\"><img loading=\"lazy\" decoding=\"async\" border=\"0\" data-original-height=\"1200\" data-original-width=\"1600\" height=\"240\" src=\"https:\/\/2.bp.blogspot.com\/-V0iU2VZo5_c\/Wxl6ArA1h1I\/AAAAAAAAUUg\/zUhH-jR3oKcPDcFct36Ozsq_WCkvfVMegCLcBGAs\/s320\/DSCN1746.jpg\" width=\"320\" \/><\/a><\/div>\n<p><\/p>\n<div style=\"clear: both; text-align: center;\"><a href=\"https:\/\/photos.app.goo.gl\/JpTCZ958SpDyRqzVA\"><img loading=\"lazy\" decoding=\"async\" border=\"0\" data-original-height=\"1200\" data-original-width=\"1600\" height=\"240\" src=\"https:\/\/3.bp.blogspot.com\/-Pt2c5MVteTE\/Wxl6BBewwkI\/AAAAAAAAUUo\/ofp9dWlhQ94hzfYxdxhmRcDiRvZXTL9lwCLcBGAs\/s320\/DSCN1751.jpg\" width=\"320\" \/><\/a><\/div>\n<p><\/p>\n<div style=\"clear: both; text-align: center;\"><a href=\"https:\/\/photos.app.goo.gl\/JpTCZ958SpDyRqzVA\"><img loading=\"lazy\" decoding=\"async\" border=\"0\" data-original-height=\"1200\" data-original-width=\"1600\" height=\"240\" src=\"https:\/\/3.bp.blogspot.com\/-5o_56_fO7lQ\/Wxl6BAVtN-I\/AAAAAAAAUUk\/c9E9pBa9bnou2244VFu5GgrE8s4c_lERgCLcBGAs\/s320\/DSCN1753.jpg\" width=\"320\" \/><\/a><\/div>\n<p><\/p>\n<div style=\"clear: both; text-align: center;\"><a href=\"https:\/\/photos.app.goo.gl\/JpTCZ958SpDyRqzVA\"><img loading=\"lazy\" decoding=\"async\" border=\"0\" data-original-height=\"1200\" data-original-width=\"1600\" height=\"240\" src=\"https:\/\/1.bp.blogspot.com\/-NBSZoULEiPs\/Wxl6ICc-70I\/AAAAAAAAUU4\/kSdvzTiwKGoSI6MZkQI56JNBddUBx3NDgCLcBGAs\/s320\/DSCN1758.jpg\" width=\"320\" \/><\/a><\/div>\n<p><\/p>\n<div style=\"clear: both; text-align: center;\"><a href=\"https:\/\/photos.app.goo.gl\/JpTCZ958SpDyRqzVA\"><img loading=\"lazy\" decoding=\"async\" border=\"0\" data-original-height=\"1200\" data-original-width=\"1600\" height=\"240\" src=\"https:\/\/4.bp.blogspot.com\/-0mBMLHOsQnw\/Wxl6I9J81bI\/AAAAAAAAUU8\/YUMLWLYTZbo4wmwJFV8jPqOlYRPP4FZwACLcBGAs\/s320\/DSCN1783.jpg\" width=\"320\" \/><\/a><\/div>\n<p><\/p>\n","protected":false},"excerpt":{"rendered":"<p>A Malgrat de Mar estem de col\u00f2nies fent activitats aqu\u00e0tiques.<br \/>\n<a href=\"https:\/\/photos.app.goo.gl\/JpTCZ958SpDyRqzVA\"><\/a><\/p>\n<p><a href=\"https:\/\/photos.app.goo.gl\/JpTCZ958SpDyRqzVA\"><\/a><\/p>\n<p><a href=\"https:\/\/photos.app.goo.gl\/JpTCZ958SpDyRqzVA\"><\/a><\/p>\n<p><a href=\"https:\/\/photos.app.goo.gl\/JpTCZ958SpDyRqzVA\"><\/a><\/p>\n<p><a href=\"https:\/\/photos.app.goo.gl\/JpTCZ958SpDyRqzVA\"><\/a><\/p>\n","protected":false},"author":8,"featured_media":0,"comment_status":"open","ping_status":"closed","sticky":false,"template":"","format":"standard","meta":{"_bbp_topic_count":0,"_bbp_reply_count":0,"_bbp_total_topic_count":0,"_bbp_total_reply_count":0,"_bbp_voice_count":0,"_bbp_anonymous_reply_count":0,"_bbp_topic_count_hidden":0,"_bbp_reply_count_hidden":0,"_bbp_forum_subforum_count":0,"footnotes":""},"categories":[63],"tags":[],"class_list":["post-1251","post","type-post","status-publish","format-standard","hentry","category-cs"],"post_mailing_queue_ids":[],"_links":{"self":[{"href":"https:\/\/agora.xtec.cat\/ceipjoventutcallus\/wp-json\/wp\/v2\/posts\/1251","targetHints":{"allow":["GET"]}}],"collection":[{"href":"https:\/\/agora.xtec.cat\/ceipjoventutcallus\/wp-json\/wp\/v2\/posts"}],"about":[{"href":"https:\/\/agora.xtec.cat\/ceipjoventutcallus\/wp-json\/wp\/v2\/types\/post"}],"author":[{"embeddable":true,"href":"https:\/\/agora.xtec.cat\/ceipjoventutcallus\/wp-json\/wp\/v2\/users\/8"}],"replies":[{"embeddable":true,"href":"https:\/\/agora.xtec.cat\/ceipjoventutcallus\/wp-json\/wp\/v2\/comments?post=1251"}],"version-history":[{"count":1,"href":"https:\/\/agora.xtec.cat\/ceipjoventutcallus\/wp-json\/wp\/v2\/posts\/1251\/revisions"}],"predecessor-version":[{"id":1653,"href":"https:\/\/agora.xtec.cat\/ceipjoventutcallus\/wp-json\/wp\/v2\/posts\/1251\/revisions\/1653"}],"wp:attachment":[{"href":"https:\/\/agora.xtec.cat\/ceipjoventutcallus\/wp-json\/wp\/v2\/media?parent=1251"}],"wp:term":[{"taxonomy":"category","embeddable":true,"href":"https:\/\/agora.xtec.cat\/ceipjoventutcallus\/wp-json\/wp\/v2\/categories?post=1251"},{"taxonomy":"post_tag","embeddable":true,"href":"https:\/\/agora.xtec.cat\/ceipjoventutcallus\/wp-json\/wp\/v2\/tags?post=1251"}],"curies":[{"name":"wp","href":"https:\/\/api.w.org\/{rel}","templated":true}]}}