{"id":1237,"date":"2018-12-19T13:29:00","date_gmt":"2018-12-19T12:29:00","guid":{"rendered":"https:\/\/agora.xtec.cat\/ceipjoventutcallus\/general\/els-essers-vius-fem-una-cel-lula\/"},"modified":"2020-07-25T16:26:10","modified_gmt":"2020-07-25T14:26:10","slug":"els-essers-vius-fem-una-cel-lula","status":"publish","type":"post","link":"https:\/\/agora.xtec.cat\/ceipjoventutcallus\/cs\/els-essers-vius-fem-una-cel-lula\/","title":{"rendered":"Els \u00e9ssers vius: Fem una c\u00e8l.lula"},"content":{"rendered":"<p><span style=\"font-family: Courier New, Courier, monospace;\">Durant l&#8217;avaluaci\u00f3 dels \u00e9ssers vius, en equips de treball cooperatiu, vam fer una c\u00e8l.lula.<\/span><br \/><span style=\"font-family: Courier New, Courier, monospace;\"><br \/><\/span><a href=\"https:\/\/photos.app.goo.gl\/5FNzSJ1hhRjy4qjeA\"><span style=\"font-family: Courier New, Courier, monospace;\">Fotos<\/span><\/a><\/p>\n","protected":false},"excerpt":{"rendered":"<p>Durant l&#8217;avaluaci\u00f3 dels \u00e9ssers vius, en equips de treball cooperatiu, vam fer una c\u00e8l.lula.<a href=\"https:\/\/photos.app.goo.gl\/5FNzSJ1hhRjy4qjeA\">Fotos<\/a><\/p>\n","protected":false},"author":8,"featured_media":0,"comment_status":"open","ping_status":"closed","sticky":false,"template":"","format":"standard","meta":{"_bbp_topic_count":0,"_bbp_reply_count":0,"_bbp_total_topic_count":0,"_bbp_total_reply_count":0,"_bbp_voice_count":0,"_bbp_anonymous_reply_count":0,"_bbp_topic_count_hidden":0,"_bbp_reply_count_hidden":0,"_bbp_forum_subforum_count":0,"footnotes":""},"categories":[63],"tags":[],"class_list":["post-1237","post","type-post","status-publish","format-standard","hentry","category-cs"],"post_mailing_queue_ids":[],"_links":{"self":[{"href":"https:\/\/agora.xtec.cat\/ceipjoventutcallus\/wp-json\/wp\/v2\/posts\/1237","targetHints":{"allow":["GET"]}}],"collection":[{"href":"https:\/\/agora.xtec.cat\/ceipjoventutcallus\/wp-json\/wp\/v2\/posts"}],"about":[{"href":"https:\/\/agora.xtec.cat\/ceipjoventutcallus\/wp-json\/wp\/v2\/types\/post"}],"author":[{"embeddable":true,"href":"https:\/\/agora.xtec.cat\/ceipjoventutcallus\/wp-json\/wp\/v2\/users\/8"}],"replies":[{"embeddable":true,"href":"https:\/\/agora.xtec.cat\/ceipjoventutcallus\/wp-json\/wp\/v2\/comments?post=1237"}],"version-history":[{"count":1,"href":"https:\/\/agora.xtec.cat\/ceipjoventutcallus\/wp-json\/wp\/v2\/posts\/1237\/revisions"}],"predecessor-version":[{"id":1642,"href":"https:\/\/agora.xtec.cat\/ceipjoventutcallus\/wp-json\/wp\/v2\/posts\/1237\/revisions\/1642"}],"wp:attachment":[{"href":"https:\/\/agora.xtec.cat\/ceipjoventutcallus\/wp-json\/wp\/v2\/media?parent=1237"}],"wp:term":[{"taxonomy":"category","embeddable":true,"href":"https:\/\/agora.xtec.cat\/ceipjoventutcallus\/wp-json\/wp\/v2\/categories?post=1237"},{"taxonomy":"post_tag","embeddable":true,"href":"https:\/\/agora.xtec.cat\/ceipjoventutcallus\/wp-json\/wp\/v2\/tags?post=1237"}],"curies":[{"name":"wp","href":"https:\/\/api.w.org\/{rel}","templated":true}]}}