{"id":1191,"date":"2020-03-23T17:15:00","date_gmt":"2020-03-23T16:15:00","guid":{"rendered":""},"modified":"2020-07-25T16:21:03","modified_gmt":"2020-07-25T14:21:03","slug":"la-cellula","status":"publish","type":"post","link":"https:\/\/agora.xtec.cat\/ceipjoventutcallus\/cs\/la-cellula\/","title":{"rendered":"La C\u00e8l\u00b7lula"},"content":{"rendered":"<p><\/p>\n<div style=\"margin-bottom: .0001pt; margin: 0cm; text-align: justify;\"><span style=\"font-family: &quot;courier new&quot; , &quot;courier&quot; , monospace;\"><span lang=\"CA\">En aquest segon trimestre, els alumnes de 5\u00e8 hem iniciat el projecte de medi amb l\u2019observaci\u00f3 i l&#8217;an\u00e0lisis&nbsp;d\u2019unes imatges en les que es demana als alumnes si poden classificar-les en dos grups i quines difer\u00e8ncies hi ha entre si. Per grups cooperatius es porta a terme una tasca important de di\u00e0leg i reflexi\u00f3 a partir de la qual s\u2019arriba a la conclusi\u00f3 que a les imatges hi ha \u00e9ssers vius i \u00e9ssers inerts, i que tots els \u00e9ssers vius tenen c\u00e8l<\/span><span lang=\"CA\" style=\"color: black;\">\u00b7<\/span><span lang=\"CA\" style=\"color: black;\">lules. <o:p><\/o:p><\/span><\/span><\/div>\n<div style=\"margin-bottom: .0001pt; margin: 0cm; text-align: justify;\"><span style=\"font-family: &quot;courier new&quot; , &quot;courier&quot; , monospace;\">Es parteix dels seus coneixements previs. Tamb\u00e9 sorgeixen molts dubtes els quals investiguen buscant possibles respostes.<\/span><\/div>\n<div style=\"margin-bottom: .0001pt; margin: 0cm; text-align: justify;\"><span style=\"font-family: &quot;courier new&quot; , &quot;courier&quot; , monospace;\"><span lang=\"CA\" style=\"color: black;\">De mica en mica es va desenvolupant el projecte de la c\u00e8l<\/span><span lang=\"CA\" style=\"color: black;\">\u00b7<\/span><span lang=\"CA\" style=\"color: black;\">lula i els \u00e9ssers vius amb els cinc regnes.<o:p><\/o:p><\/span><\/span><\/div>\n<div style=\"margin-bottom: .0001pt; margin: 0cm; text-align: justify;\"><span lang=\"CA\" style=\"color: black; font-family: &quot;courier new&quot;, courier, monospace;\">Una vegada s&#8217;ha descobert les diferents parts de les c\u00e8l<\/span><span lang=\"CA\" style=\"color: black; font-family: &quot;courier new&quot;, courier, monospace;\">\u00b7<\/span><span lang=\"CA\" style=\"color: black; font-family: &quot;courier new&quot;, courier, monospace;\">lules, hem fet unes petites maquetes amb plastilina, diferenciant la c\u00e8l<\/span><span lang=\"CA\" style=\"color: black; font-family: &quot;courier new&quot;, courier, monospace;\">\u00b7<\/span><span lang=\"CA\" style=\"color: black; font-family: &quot;courier new&quot;, courier, monospace;\">lula animal de la vegetal i per tant, tamb\u00e9 les seves parts.<\/span><\/div>\n<div style=\"margin-bottom: .0001pt; margin: 0cm; text-align: justify;\"><span style=\"font-family: &quot;courier new&quot; , &quot;courier&quot; , monospace;\"><span lang=\"CA\" style=\"color: black;\">El que els ha semblat m\u00e9s significatiu i motivador ha estat observar amb el microscopi que tot all\u00f2 que havien apr\u00e8s sobre l\u2019\u00e9sser viu que est\u00e0 format de c\u00e8l<\/span><span lang=\"CA\" style=\"color: black;\">\u00b7<\/span><span lang=\"CA\" style=\"color: black;\">lules, \u00e9s real. Per tant, hem pogut visionar la c\u00e8l<\/span><span lang=\"CA\" style=\"color: black;\">\u00b7<\/span><span lang=\"CA\" style=\"color: black;\">lula animal i la vegetal.&nbsp;<\/span><span lang=\"CA\"><o:p><\/o:p><\/span><\/span><\/div>\n<div style=\"margin-bottom: .0001pt; margin: 0cm; text-align: justify;\"><span lang=\"CA\" style=\"color: black;\"><span style=\"font-family: &quot;courier new&quot; , &quot;courier&quot; , monospace;\">Tamb\u00e9 hem realitzat un mapa conceptual a les classes mida mural relacionant tots aquells conceptes que hem apr\u00e8s. <o:p><\/o:p><\/span><\/span><\/div>\n<div style=\"margin-bottom: .0001pt; margin: 0cm; text-align: justify;\"><span style=\"font-family: &quot;courier new&quot; , &quot;courier&quot; , monospace;\">Ara ens toca seguir avan\u00e7ant coneixent els 5 regnes dels \u00e9ssers vius&#8230; a veure quines coses tan interessants aprenem del mon que ens rodeja!<\/span><\/div>\n<div style=\"margin-bottom: .0001pt; margin: 0cm; text-align: justify;\"><span lang=\"CA\" style=\"color: black;\"><span style=\"font-family: &quot;courier new&quot; , &quot;courier&quot; , monospace;\"><br \/><\/span><\/span><\/div>\n<div style=\"clear: both; text-align: center;\"><a href=\"https:\/\/agora.xtec.cat\/ceipjoventutcallus\/wp-content\/uploads\/usu1947\/2020\/03\/IMG_20200322_182249.jpg\" style=\"margin-left: 1em; margin-right: 1em;\"><img loading=\"lazy\" decoding=\"async\" border=\"0\" data-original-height=\"1463\" data-original-width=\"1600\" height=\"292\" src=\"https:\/\/agora.xtec.cat\/ceipjoventutcallus\/wp-content\/uploads\/usu1947\/2020\/03\/IMG_20200322_182249-300x274.jpg\" width=\"320\" \/><\/a><\/div>\n<p><\/p>\n<div style=\"clear: both; text-align: center;\"><a href=\"https:\/\/agora.xtec.cat\/ceipjoventutcallus\/wp-content\/uploads\/usu1947\/2020\/03\/IMG-20200322-WA0029.jpg\" style=\"margin-left: 1em; margin-right: 1em;\"><img loading=\"lazy\" decoding=\"async\" border=\"0\" data-original-height=\"551\" data-original-width=\"879\" height=\"200\" src=\"https:\/\/agora.xtec.cat\/ceipjoventutcallus\/wp-content\/uploads\/usu1947\/2020\/03\/IMG-20200322-WA0029-300x188.jpg\" width=\"320\" \/><\/a><\/div>\n<p><\/p>\n<div style=\"clear: both; text-align: center;\"><a href=\"https:\/\/agora.xtec.cat\/ceipjoventutcallus\/wp-content\/uploads\/usu1947\/2020\/03\/IMG_20200322_182041.jpg\" style=\"margin-left: 1em; margin-right: 1em;\"><img loading=\"lazy\" decoding=\"async\" border=\"0\" data-original-height=\"1513\" data-original-width=\"1555\" height=\"311\" src=\"https:\/\/agora.xtec.cat\/ceipjoventutcallus\/wp-content\/uploads\/usu1947\/2020\/03\/IMG_20200322_182041-300x292.jpg\" width=\"320\" \/><\/a><\/div>\n<p><\/p>\n<div style=\"clear: both; text-align: center;\"><a href=\"https:\/\/agora.xtec.cat\/ceipjoventutcallus\/wp-content\/uploads\/usu1947\/2020\/03\/IMG-20200308-WA0033.jpg\" style=\"margin-left: 1em; margin-right: 1em;\"><img loading=\"lazy\" decoding=\"async\" border=\"0\" data-original-height=\"1599\" data-original-width=\"1200\" height=\"320\" src=\"https:\/\/agora.xtec.cat\/ceipjoventutcallus\/wp-content\/uploads\/usu1947\/2020\/03\/IMG-20200308-WA0033-225x300.jpg\" width=\"240\" \/><\/a><\/div>\n<div style=\"margin-bottom: .0001pt; margin: 0cm; text-align: justify;\"><span lang=\"CA\" style=\"color: black;\"><span style=\"font-family: &quot;courier new&quot; , &quot;courier&quot; , monospace;\"><br \/><\/span><\/span><\/div>\n<div><\/div>\n<p><\/p>\n","protected":false},"excerpt":{"rendered":"<p>En aquest segon trimestre, els alumnes de 5\u00e8 hem iniciat el projecte de medi amb l\u2019observaci\u00f3 i l&#8217;an\u00e0lisis&nbsp;d\u2019unes imatges en les que es demana als alumnes si poden classificar-les en dos grups i quines difer\u00e8ncies hi ha entre si. Per grups cooperatius es porta a&hellip;  <a href=\"https:\/\/agora.xtec.cat\/ceipjoventutcallus\/cs\/la-cellula\/\" title=\"Read La C\u00e8l\u00b7lula\">Llegeix m\u00e9s\u00bb<\/a><\/p>\n","protected":false},"author":8,"featured_media":1565,"comment_status":"open","ping_status":"closed","sticky":false,"template":"","format":"standard","meta":{"_bbp_topic_count":0,"_bbp_reply_count":0,"_bbp_total_topic_count":0,"_bbp_total_reply_count":0,"_bbp_voice_count":0,"_bbp_anonymous_reply_count":0,"_bbp_topic_count_hidden":0,"_bbp_reply_count_hidden":0,"_bbp_forum_subforum_count":0,"footnotes":""},"categories":[63],"tags":[],"class_list":["post-1191","post","type-post","status-publish","format-standard","has-post-thumbnail","hentry","category-cs"],"post_mailing_queue_ids":[],"_links":{"self":[{"href":"https:\/\/agora.xtec.cat\/ceipjoventutcallus\/wp-json\/wp\/v2\/posts\/1191","targetHints":{"allow":["GET"]}}],"collection":[{"href":"https:\/\/agora.xtec.cat\/ceipjoventutcallus\/wp-json\/wp\/v2\/posts"}],"about":[{"href":"https:\/\/agora.xtec.cat\/ceipjoventutcallus\/wp-json\/wp\/v2\/types\/post"}],"author":[{"embeddable":true,"href":"https:\/\/agora.xtec.cat\/ceipjoventutcallus\/wp-json\/wp\/v2\/users\/8"}],"replies":[{"embeddable":true,"href":"https:\/\/agora.xtec.cat\/ceipjoventutcallus\/wp-json\/wp\/v2\/comments?post=1191"}],"version-history":[{"count":2,"href":"https:\/\/agora.xtec.cat\/ceipjoventutcallus\/wp-json\/wp\/v2\/posts\/1191\/revisions"}],"predecessor-version":[{"id":1598,"href":"https:\/\/agora.xtec.cat\/ceipjoventutcallus\/wp-json\/wp\/v2\/posts\/1191\/revisions\/1598"}],"wp:featuredmedia":[{"embeddable":true,"href":"https:\/\/agora.xtec.cat\/ceipjoventutcallus\/wp-json\/wp\/v2\/media\/1565"}],"wp:attachment":[{"href":"https:\/\/agora.xtec.cat\/ceipjoventutcallus\/wp-json\/wp\/v2\/media?parent=1191"}],"wp:term":[{"taxonomy":"category","embeddable":true,"href":"https:\/\/agora.xtec.cat\/ceipjoventutcallus\/wp-json\/wp\/v2\/categories?post=1191"},{"taxonomy":"post_tag","embeddable":true,"href":"https:\/\/agora.xtec.cat\/ceipjoventutcallus\/wp-json\/wp\/v2\/tags?post=1191"}],"curies":[{"name":"wp","href":"https:\/\/api.w.org\/{rel}","templated":true}]}}