{"id":5406,"date":"2025-11-10T15:46:19","date_gmt":"2025-11-10T14:46:19","guid":{"rendered":"https:\/\/agora.xtec.cat\/ceipjosepmadrenys\/?p=5406"},"modified":"2025-11-18T16:50:52","modified_gmt":"2025-11-18T15:50:52","slug":"eleccions-al-consell-escolar-novembre-2025","status":"publish","type":"post","link":"https:\/\/agora.xtec.cat\/ceipjosepmadrenys\/portada\/eleccions-al-consell-escolar-novembre-2025\/","title":{"rendered":"ELECCIONS AL CONSELL ESCOLAR (novembre 2025)"},"content":{"rendered":"<div>\n<p dir=\"ltr\">Benvolgudes fam\u00edlies,<\/p>\n<p dir=\"ltr\">Us informem que aquest curs hi ha\u00a0eleccions al Consell Escolar.<\/p>\n<p dir=\"ltr\">El\u00a0dilluns 3 de novembre\u00a0ha comen\u00e7at el procediment per a la renovaci\u00f3 de la meitat dels seus membres. Podeu consultar el cens electoral del sector de les mares i pares, aix\u00ed com tamb\u00e9 la convocat\u00f2ria de les eleccions al tauler del rebedor de l\u2019escola, lloc on s\u2019anir\u00e0 publicant tota la informaci\u00f3 en relaci\u00f3 al proc\u00e9s electoral.<\/p>\n<p dir=\"ltr\">El Consell Escolar del centre \u00e9s l\u2019\u00f2rgan col\u00b7legiat de participaci\u00f3 de la comunitat escolar\u00a0en el govern del centre. En el consell escolar hi ha representats tots els col\u00b7lectius que intervenen en la comunitat educativa: equip directiu, mestres, fam\u00edlies, Ajuntament, personal d\u2019administraci\u00f3 i serveis i personal d\u2019atenci\u00f3 educativa.<\/p>\n<p dir=\"ltr\">La funci\u00f3 principal del consell escolar \u00e9s participar en la presa de decisions en relaci\u00f3 amb aquells temes importants per al funcionament i l\u2019organitzaci\u00f3 del centre: el projecte educatiu, la programaci\u00f3 general, la gesti\u00f3 econ\u00f2mica, etc.<\/p>\n<p dir=\"ltr\">Els membres del consell escolar s\u00f3n elegits per un per\u00edode de quatre anys i es renoven per meitats cada dos anys.<\/p>\n<p dir=\"ltr\">Us adjuntem la\u00a0convocat\u00f2ria d\u2019eleccions\u00a0que us vam enviar per TokApp, el\u00a0calendari del proc\u00e9s electoral,\u00a0el\u00a0document per presentar candidatura\u00a0i el\u00a0document per ser supervisor\/a:<\/p>\n<p dir=\"ltr\"><a href=\"https:\/\/docs.google.com\/document\/d\/15MQzxPsY4pea1l_EHnrxTkaeX1JYxmEENBQygmWfqi0\/edit?tab=t.0\" target=\"_blank\" rel=\"noopener\" data-saferedirecturl=\"https:\/\/www.google.com\/url?q=https:\/\/docs.google.com\/document\/d\/15MQzxPsY4pea1l_EHnrxTkaeX1JYxmEENBQygmWfqi0\/edit?tab%3Dt.0&amp;source=gmail&amp;ust=1762872029124000&amp;usg=AOvVaw08H1IUuReBJfxPGppNRlvh\">CIRCULAR CONVOCAT\u00d2RIA D\u2019ELECCIONS AL CONSELL ESCOLAR<\/a><\/p>\n<p dir=\"ltr\"><a href=\"https:\/\/docs.google.com\/document\/d\/1p5fJWXHOMLfdj36xvPt2swo1TZBeNcsX4sC2iD-ZgpM\/edit?tab=t.0\" target=\"_blank\" rel=\"noopener\" data-saferedirecturl=\"https:\/\/www.google.com\/url?q=https:\/\/docs.google.com\/document\/d\/1p5fJWXHOMLfdj36xvPt2swo1TZBeNcsX4sC2iD-ZgpM\/edit?tab%3Dt.0&amp;source=gmail&amp;ust=1762872029124000&amp;usg=AOvVaw2ZsksEVsE8-41PhkFKmL4N\">CALENDARI DEL PROC\u00c9S ELECTORAL<\/a><\/p>\n<p dir=\"ltr\"><a href=\"https:\/\/drive.google.com\/drive\/u\/0\/folders\/1FjxCTtq3UtHr0bTAWTJL179JmARG4mSX\" target=\"_blank\" rel=\"noopener\" data-saferedirecturl=\"https:\/\/www.google.com\/url?q=https:\/\/drive.google.com\/drive\/u\/0\/folders\/1FjxCTtq3UtHr0bTAWTJL179JmARG4mSX&amp;source=gmail&amp;ust=1762872029124000&amp;usg=AOvVaw2lTk4DEVmOV4DwDVzrac7u\">DOCUMENT DE PRESENTACI\u00d3 DE CANDIDATURA<\/a><\/p>\n<p dir=\"ltr\"><a href=\"https:\/\/drive.google.com\/drive\/u\/0\/folders\/1FjxCTtq3UtHr0bTAWTJL179JmARG4mSX\" target=\"_blank\" rel=\"noopener\" data-saferedirecturl=\"https:\/\/www.google.com\/url?q=https:\/\/drive.google.com\/drive\/u\/0\/folders\/1FjxCTtq3UtHr0bTAWTJL179JmARG4mSX&amp;source=gmail&amp;ust=1762872029124000&amp;usg=AOvVaw2lTk4DEVmOV4DwDVzrac7u\">DOCUMENT DE SOL\u00b7LICITUD PER FER DE SUPERVISOR\/A<\/a><\/p>\n<p dir=\"ltr\">Us animem a presentar-vos i a participar del proc\u00e9s de votaci\u00f3 de candidatures el\u00a0<b>dijous 20 de novembre de les 14:55 h a les 19:00 h., al rebedor de l\u2019escola.<\/b><\/p>\n<p dir=\"ltr\">Cordialment,<\/p>\n<p dir=\"ltr\">Equip directiu<\/p>\n<\/div>\n<div class=\"yj6qo\"><\/div>\n<div class=\"gmail_signature adL\" dir=\"ltr\" data-smartmail=\"gmail_signature\">\n<div dir=\"ltr\">\n<div><\/div>\n<\/div>\n<\/div>\n","protected":false},"excerpt":{"rendered":"<p>Benvolgudes fam\u00edlies,<br \/>\nUs informem que aquest curs hi ha\u00a0eleccions al Consell Escolar.<br \/>\nEl\u00a0dilluns 3 de novembre\u00a0ha comen\u00e7at el procediment per a la renovaci\u00f3 de la meitat dels seus membres. Podeu consultar el cens electoral del sector de les mares i pares, aix\u00ed com tamb\u00e9 la convocat\u00f2ria de&hellip;  <a href=\"https:\/\/agora.xtec.cat\/ceipjosepmadrenys\/portada\/eleccions-al-consell-escolar-novembre-2025\/\" title=\"Read ELECCIONS AL CONSELL ESCOLAR (novembre 2025)\">Llegeix m\u00e9s\u00bb<\/a><\/p>\n","protected":false},"author":1,"featured_media":5409,"comment_status":"open","ping_status":"open","sticky":false,"template":"","format":"standard","meta":{"_bbp_topic_count":0,"_bbp_reply_count":0,"_bbp_total_topic_count":0,"_bbp_total_reply_count":0,"_bbp_voice_count":0,"_bbp_anonymous_reply_count":0,"_bbp_topic_count_hidden":0,"_bbp_reply_count_hidden":0,"_bbp_forum_subforum_count":0,"footnotes":""},"categories":[4],"tags":[],"class_list":["post-5406","post","type-post","status-publish","format-standard","has-post-thumbnail","hentry","category-portada"],"post_mailing_queue_ids":[],"_links":{"self":[{"href":"https:\/\/agora.xtec.cat\/ceipjosepmadrenys\/wp-json\/wp\/v2\/posts\/5406","targetHints":{"allow":["GET"]}}],"collection":[{"href":"https:\/\/agora.xtec.cat\/ceipjosepmadrenys\/wp-json\/wp\/v2\/posts"}],"about":[{"href":"https:\/\/agora.xtec.cat\/ceipjosepmadrenys\/wp-json\/wp\/v2\/types\/post"}],"author":[{"embeddable":true,"href":"https:\/\/agora.xtec.cat\/ceipjosepmadrenys\/wp-json\/wp\/v2\/users\/1"}],"replies":[{"embeddable":true,"href":"https:\/\/agora.xtec.cat\/ceipjosepmadrenys\/wp-json\/wp\/v2\/comments?post=5406"}],"version-history":[{"count":1,"href":"https:\/\/agora.xtec.cat\/ceipjosepmadrenys\/wp-json\/wp\/v2\/posts\/5406\/revisions"}],"predecessor-version":[{"id":5408,"href":"https:\/\/agora.xtec.cat\/ceipjosepmadrenys\/wp-json\/wp\/v2\/posts\/5406\/revisions\/5408"}],"wp:featuredmedia":[{"embeddable":true,"href":"https:\/\/agora.xtec.cat\/ceipjosepmadrenys\/wp-json\/wp\/v2\/media\/5409"}],"wp:attachment":[{"href":"https:\/\/agora.xtec.cat\/ceipjosepmadrenys\/wp-json\/wp\/v2\/media?parent=5406"}],"wp:term":[{"taxonomy":"category","embeddable":true,"href":"https:\/\/agora.xtec.cat\/ceipjosepmadrenys\/wp-json\/wp\/v2\/categories?post=5406"},{"taxonomy":"post_tag","embeddable":true,"href":"https:\/\/agora.xtec.cat\/ceipjosepmadrenys\/wp-json\/wp\/v2\/tags?post=5406"}],"curies":[{"name":"wp","href":"https:\/\/api.w.org\/{rel}","templated":true}]}}