{"id":4524,"date":"2024-04-23T21:03:21","date_gmt":"2024-04-23T19:03:21","guid":{"rendered":"https:\/\/agora.xtec.cat\/ceipjosepmadrenys\/?p=4524"},"modified":"2024-04-24T11:03:59","modified_gmt":"2024-04-24T09:03:59","slug":"celebrem-els-jocs-florals-a-lescola","status":"publish","type":"post","link":"https:\/\/agora.xtec.cat\/ceipjosepmadrenys\/portada\/celebrem-els-jocs-florals-a-lescola\/","title":{"rendered":"CELEBREM ELS JOCS FLORALS A L\u2019ESCOLA"},"content":{"rendered":"<p><span style=\"font-weight: 400;\">Avui dimarts 23 d\u2019abril, hem celebrat el 14\u00e8 concurs dels \u201cJocs Florals\u201d a la nostra escola. Com cada curs l\u2019escola organitza un concurs literari i de dibuix on tots els\/les alumnes d\u2019educaci\u00f3 infantil i cicle inicial s\u00f3n premiats amb un obsequi per a l\u2019aula, pel seu esfor\u00e7 i dedicaci\u00f3. Per la seva banda, cicle mitj\u00e0 i cicle superior participen en diverses categories on hi ha 3 seleccionats\/des a cadascuna d\u2019elles:\u00a0<\/span><\/p>\n<ul>\n<li style=\"font-weight: 400;\" aria-level=\"1\"><span style=\"font-weight: 400;\">Viola d\u2019or (dibuix)<\/span><\/li>\n<li style=\"font-weight: 400;\" aria-level=\"1\"><span style=\"font-weight: 400;\">Flor natural (poesia)<\/span><\/li>\n<li style=\"font-weight: 400;\" aria-level=\"1\"><span style=\"font-weight: 400;\">Englantina d\u2019or (narraci\u00f3).<\/span><\/li>\n<\/ul>\n<p><span style=\"font-weight: 400;\">El jurat, format per mestres de l\u2019escola, ha tingut molt dif\u00edcil la selecci\u00f3 dels guanyadors\/es.\u00a0<\/span><\/p>\n<p><span style=\"font-weight: 400;\">L\u2019equip docent vol agrair la participaci\u00f3 de tot l\u2019alumnat.\u00a0<\/span><\/p>\n<p><span style=\"font-weight: 400;\">Feli\u00e7 Diada de Sant Jordi!<\/span><\/p>\n<p>&nbsp;<\/p>\n<p><a href=\"https:\/\/drive.google.com\/drive\/folders\/1qnh8YaqqDBItQ7ntqqi0Luy15twFL9Ou?usp=sharing\"><span style=\"font-weight: 400;\">Fotos<\/span><\/a><\/p>\n","protected":false},"excerpt":{"rendered":"<p>Avui dimarts 23 d\u2019abril, hem celebrat el 14\u00e8 concurs dels \u201cJocs Florals\u201d a la nostra escola. Com cada curs l\u2019escola organitza un concurs literari i de dibuix on tots els\/les alumnes d\u2019educaci\u00f3 infantil i cicle inicial s\u00f3n premiats amb un obsequi per a l\u2019aula, pel&hellip;  <a href=\"https:\/\/agora.xtec.cat\/ceipjosepmadrenys\/portada\/celebrem-els-jocs-florals-a-lescola\/\" title=\"Read CELEBREM ELS JOCS FLORALS A L\u2019ESCOLA\">Llegeix m\u00e9s\u00bb<\/a><\/p>\n","protected":false},"author":4,"featured_media":4525,"comment_status":"open","ping_status":"closed","sticky":false,"template":"","format":"standard","meta":{"_bbp_topic_count":0,"_bbp_reply_count":0,"_bbp_total_topic_count":0,"_bbp_total_reply_count":0,"_bbp_voice_count":0,"_bbp_anonymous_reply_count":0,"_bbp_topic_count_hidden":0,"_bbp_reply_count_hidden":0,"_bbp_forum_subforum_count":0,"footnotes":""},"categories":[4],"tags":[],"class_list":["post-4524","post","type-post","status-publish","format-standard","has-post-thumbnail","hentry","category-portada"],"post_mailing_queue_ids":[],"_links":{"self":[{"href":"https:\/\/agora.xtec.cat\/ceipjosepmadrenys\/wp-json\/wp\/v2\/posts\/4524","targetHints":{"allow":["GET"]}}],"collection":[{"href":"https:\/\/agora.xtec.cat\/ceipjosepmadrenys\/wp-json\/wp\/v2\/posts"}],"about":[{"href":"https:\/\/agora.xtec.cat\/ceipjosepmadrenys\/wp-json\/wp\/v2\/types\/post"}],"author":[{"embeddable":true,"href":"https:\/\/agora.xtec.cat\/ceipjosepmadrenys\/wp-json\/wp\/v2\/users\/4"}],"replies":[{"embeddable":true,"href":"https:\/\/agora.xtec.cat\/ceipjosepmadrenys\/wp-json\/wp\/v2\/comments?post=4524"}],"version-history":[{"count":2,"href":"https:\/\/agora.xtec.cat\/ceipjosepmadrenys\/wp-json\/wp\/v2\/posts\/4524\/revisions"}],"predecessor-version":[{"id":4527,"href":"https:\/\/agora.xtec.cat\/ceipjosepmadrenys\/wp-json\/wp\/v2\/posts\/4524\/revisions\/4527"}],"wp:featuredmedia":[{"embeddable":true,"href":"https:\/\/agora.xtec.cat\/ceipjosepmadrenys\/wp-json\/wp\/v2\/media\/4525"}],"wp:attachment":[{"href":"https:\/\/agora.xtec.cat\/ceipjosepmadrenys\/wp-json\/wp\/v2\/media?parent=4524"}],"wp:term":[{"taxonomy":"category","embeddable":true,"href":"https:\/\/agora.xtec.cat\/ceipjosepmadrenys\/wp-json\/wp\/v2\/categories?post=4524"},{"taxonomy":"post_tag","embeddable":true,"href":"https:\/\/agora.xtec.cat\/ceipjosepmadrenys\/wp-json\/wp\/v2\/tags?post=4524"}],"curies":[{"name":"wp","href":"https:\/\/api.w.org\/{rel}","templated":true}]}}