{"id":4384,"date":"2024-02-08T15:06:52","date_gmt":"2024-02-08T14:06:52","guid":{"rendered":"https:\/\/agora.xtec.cat\/ceipjosepmadrenys\/?p=4384"},"modified":"2024-02-19T16:04:24","modified_gmt":"2024-02-19T15:04:24","slug":"xx-certamen-de-lectura-en-veu-alta","status":"publish","type":"post","link":"https:\/\/agora.xtec.cat\/ceipjosepmadrenys\/portada\/xx-certamen-de-lectura-en-veu-alta\/","title":{"rendered":"XX CERTAMEN DE LECTURA EN VEU ALTA"},"content":{"rendered":"<div>Enguany els alumnes de cicle mitj\u00e0 i cicle superior participaran en el XX Certamen de lectura en veu alta de la comarca de la Selva en la categoria de grumets vermells i grumets verds. L&#8217;objectiu d&#8217;aquesta activitat \u00e9s la promoci\u00f3 de l&#8217;h\u00e0bit lector.<\/div>\n<div>El dimecres 3 d&#8217;abril l&#8217;alumne\/a finalista de cada cicle participar\u00e0 a la semifinal que tindr\u00e0 lloc a l&#8217;Auditori de Santa Coloma de Farners.<\/div>\n<div><\/div>\n<div><img loading=\"lazy\" decoding=\"async\" class=\"aligncenter wp-image-4385 size-large\" src=\"https:\/\/agora.xtec.cat\/ceipjosepmadrenys\/wp-content\/uploads\/usu1386\/2024\/02\/Cartell-CLVA-23-24_page-0001-1-724x1024.jpg\" alt=\"\" width=\"724\" height=\"1024\" srcset=\"https:\/\/agora.xtec.cat\/ceipjosepmadrenys\/wp-content\/uploads\/usu1386\/2024\/02\/Cartell-CLVA-23-24_page-0001-1-724x1024.jpg 724w, https:\/\/agora.xtec.cat\/ceipjosepmadrenys\/wp-content\/uploads\/usu1386\/2024\/02\/Cartell-CLVA-23-24_page-0001-1-212x300.jpg 212w, https:\/\/agora.xtec.cat\/ceipjosepmadrenys\/wp-content\/uploads\/usu1386\/2024\/02\/Cartell-CLVA-23-24_page-0001-1-768x1086.jpg 768w, https:\/\/agora.xtec.cat\/ceipjosepmadrenys\/wp-content\/uploads\/usu1386\/2024\/02\/Cartell-CLVA-23-24_page-0001-1-1086x1536.jpg 1086w, https:\/\/agora.xtec.cat\/ceipjosepmadrenys\/wp-content\/uploads\/usu1386\/2024\/02\/Cartell-CLVA-23-24_page-0001-1-1448x2048.jpg 1448w, https:\/\/agora.xtec.cat\/ceipjosepmadrenys\/wp-content\/uploads\/usu1386\/2024\/02\/Cartell-CLVA-23-24_page-0001-1-scaled.jpg 1810w\" sizes=\"auto, (max-width: 724px) 100vw, 724px\" \/><\/div>\n","protected":false},"excerpt":{"rendered":"<p>Enguany els alumnes de cicle mitj\u00e0 i cicle superior participaran en el XX Certamen de lectura en veu alta de la comarca de la Selva en la categoria de grumets vermells i grumets verds. L&#8217;objectiu d&#8217;aquesta activitat \u00e9s la promoci\u00f3 de l&#8217;h\u00e0bit lector.<br \/>\nEl dimecres 3&hellip;  <a href=\"https:\/\/agora.xtec.cat\/ceipjosepmadrenys\/portada\/xx-certamen-de-lectura-en-veu-alta\/\" title=\"Read XX CERTAMEN DE LECTURA EN VEU ALTA\">Llegeix m\u00e9s\u00bb<\/a><\/p>\n","protected":false},"author":1,"featured_media":4388,"comment_status":"open","ping_status":"closed","sticky":false,"template":"","format":"standard","meta":{"_bbp_topic_count":0,"_bbp_reply_count":0,"_bbp_total_topic_count":0,"_bbp_total_reply_count":0,"_bbp_voice_count":0,"_bbp_anonymous_reply_count":0,"_bbp_topic_count_hidden":0,"_bbp_reply_count_hidden":0,"_bbp_forum_subforum_count":0,"footnotes":""},"categories":[4],"tags":[],"class_list":["post-4384","post","type-post","status-publish","format-standard","has-post-thumbnail","hentry","category-portada"],"post_mailing_queue_ids":[],"_links":{"self":[{"href":"https:\/\/agora.xtec.cat\/ceipjosepmadrenys\/wp-json\/wp\/v2\/posts\/4384","targetHints":{"allow":["GET"]}}],"collection":[{"href":"https:\/\/agora.xtec.cat\/ceipjosepmadrenys\/wp-json\/wp\/v2\/posts"}],"about":[{"href":"https:\/\/agora.xtec.cat\/ceipjosepmadrenys\/wp-json\/wp\/v2\/types\/post"}],"author":[{"embeddable":true,"href":"https:\/\/agora.xtec.cat\/ceipjosepmadrenys\/wp-json\/wp\/v2\/users\/1"}],"replies":[{"embeddable":true,"href":"https:\/\/agora.xtec.cat\/ceipjosepmadrenys\/wp-json\/wp\/v2\/comments?post=4384"}],"version-history":[{"count":3,"href":"https:\/\/agora.xtec.cat\/ceipjosepmadrenys\/wp-json\/wp\/v2\/posts\/4384\/revisions"}],"predecessor-version":[{"id":4390,"href":"https:\/\/agora.xtec.cat\/ceipjosepmadrenys\/wp-json\/wp\/v2\/posts\/4384\/revisions\/4390"}],"wp:featuredmedia":[{"embeddable":true,"href":"https:\/\/agora.xtec.cat\/ceipjosepmadrenys\/wp-json\/wp\/v2\/media\/4388"}],"wp:attachment":[{"href":"https:\/\/agora.xtec.cat\/ceipjosepmadrenys\/wp-json\/wp\/v2\/media?parent=4384"}],"wp:term":[{"taxonomy":"category","embeddable":true,"href":"https:\/\/agora.xtec.cat\/ceipjosepmadrenys\/wp-json\/wp\/v2\/categories?post=4384"},{"taxonomy":"post_tag","embeddable":true,"href":"https:\/\/agora.xtec.cat\/ceipjosepmadrenys\/wp-json\/wp\/v2\/tags?post=4384"}],"curies":[{"name":"wp","href":"https:\/\/api.w.org\/{rel}","templated":true}]}}