{"id":4340,"date":"2024-02-05T15:12:53","date_gmt":"2024-02-05T14:12:53","guid":{"rendered":"https:\/\/agora.xtec.cat\/ceipjosepmadrenys\/?p=4340"},"modified":"2024-02-08T16:23:38","modified_gmt":"2024-02-08T15:23:38","slug":"dia-de-la-pau-i-la-no-violencia","status":"publish","type":"post","link":"https:\/\/agora.xtec.cat\/ceipjosepmadrenys\/portada\/dia-de-la-pau-i-la-no-violencia\/","title":{"rendered":"DIA DE LA PAU I LA NO-VIOL\u00c8NCIA"},"content":{"rendered":"<p><span style=\"font-weight: 400;\">El dia 30 de gener, dia de la No-Viol\u00e8ncia i la Pau, tots els nens i nenes de l\u2019escola hem fet inc\u00eds en la import\u00e0ncia del respecte i estima als companys i companyes. Tot i que \u00e9s un tema que treballem en el dia a dia de l\u2019escola, cada cicle ha volgut mostrar aquest treball amb diferents activitats, din\u00e0miques\u2026 i per tal de compartir-ho s\u2019ha fet una mostra al plaf\u00f3 d\u2019entrada de l\u2019escola.\u00a0\u00a0<\/span><\/p>\n<p><span style=\"font-weight: 400;\">Aquesta \u00e9s la fotografia del nostre plaf\u00f3 de la Pau.<\/span><\/p>\n<p>&nbsp;<\/p>\n<p><img loading=\"lazy\" decoding=\"async\" class=\"aligncenter size-full wp-image-4341\" src=\"https:\/\/agora.xtec.cat\/ceipjosepmadrenys\/wp-content\/uploads\/usu1386\/2024\/02\/c72d8000-0423-41fb-b07e-dbc3401e5981.jpg\" alt=\"\" width=\"1276\" height=\"821\" srcset=\"https:\/\/agora.xtec.cat\/ceipjosepmadrenys\/wp-content\/uploads\/usu1386\/2024\/02\/c72d8000-0423-41fb-b07e-dbc3401e5981.jpg 1276w, https:\/\/agora.xtec.cat\/ceipjosepmadrenys\/wp-content\/uploads\/usu1386\/2024\/02\/c72d8000-0423-41fb-b07e-dbc3401e5981-300x193.jpg 300w, https:\/\/agora.xtec.cat\/ceipjosepmadrenys\/wp-content\/uploads\/usu1386\/2024\/02\/c72d8000-0423-41fb-b07e-dbc3401e5981-1024x659.jpg 1024w, https:\/\/agora.xtec.cat\/ceipjosepmadrenys\/wp-content\/uploads\/usu1386\/2024\/02\/c72d8000-0423-41fb-b07e-dbc3401e5981-768x494.jpg 768w\" sizes=\"auto, (max-width: 1276px) 100vw, 1276px\" \/><\/p>\n","protected":false},"excerpt":{"rendered":"<p>El dia 30 de gener, dia de la No-Viol\u00e8ncia i la Pau, tots els nens i nenes de l\u2019escola hem fet inc\u00eds en la import\u00e0ncia del respecte i estima als companys i companyes. Tot i que \u00e9s un tema que treballem en el dia a&hellip;  <a href=\"https:\/\/agora.xtec.cat\/ceipjosepmadrenys\/portada\/dia-de-la-pau-i-la-no-violencia\/\" title=\"Read DIA DE LA PAU I LA NO-VIOL\u00c8NCIA\">Llegeix m\u00e9s\u00bb<\/a><\/p>\n","protected":false},"author":4,"featured_media":4341,"comment_status":"open","ping_status":"closed","sticky":false,"template":"","format":"standard","meta":{"_bbp_topic_count":0,"_bbp_reply_count":0,"_bbp_total_topic_count":0,"_bbp_total_reply_count":0,"_bbp_voice_count":0,"_bbp_anonymous_reply_count":0,"_bbp_topic_count_hidden":0,"_bbp_reply_count_hidden":0,"_bbp_forum_subforum_count":0,"footnotes":""},"categories":[4],"tags":[],"class_list":["post-4340","post","type-post","status-publish","format-standard","has-post-thumbnail","hentry","category-portada"],"post_mailing_queue_ids":[],"_links":{"self":[{"href":"https:\/\/agora.xtec.cat\/ceipjosepmadrenys\/wp-json\/wp\/v2\/posts\/4340","targetHints":{"allow":["GET"]}}],"collection":[{"href":"https:\/\/agora.xtec.cat\/ceipjosepmadrenys\/wp-json\/wp\/v2\/posts"}],"about":[{"href":"https:\/\/agora.xtec.cat\/ceipjosepmadrenys\/wp-json\/wp\/v2\/types\/post"}],"author":[{"embeddable":true,"href":"https:\/\/agora.xtec.cat\/ceipjosepmadrenys\/wp-json\/wp\/v2\/users\/4"}],"replies":[{"embeddable":true,"href":"https:\/\/agora.xtec.cat\/ceipjosepmadrenys\/wp-json\/wp\/v2\/comments?post=4340"}],"version-history":[{"count":2,"href":"https:\/\/agora.xtec.cat\/ceipjosepmadrenys\/wp-json\/wp\/v2\/posts\/4340\/revisions"}],"predecessor-version":[{"id":4357,"href":"https:\/\/agora.xtec.cat\/ceipjosepmadrenys\/wp-json\/wp\/v2\/posts\/4340\/revisions\/4357"}],"wp:featuredmedia":[{"embeddable":true,"href":"https:\/\/agora.xtec.cat\/ceipjosepmadrenys\/wp-json\/wp\/v2\/media\/4341"}],"wp:attachment":[{"href":"https:\/\/agora.xtec.cat\/ceipjosepmadrenys\/wp-json\/wp\/v2\/media?parent=4340"}],"wp:term":[{"taxonomy":"category","embeddable":true,"href":"https:\/\/agora.xtec.cat\/ceipjosepmadrenys\/wp-json\/wp\/v2\/categories?post=4340"},{"taxonomy":"post_tag","embeddable":true,"href":"https:\/\/agora.xtec.cat\/ceipjosepmadrenys\/wp-json\/wp\/v2\/tags?post=4340"}],"curies":[{"name":"wp","href":"https:\/\/api.w.org\/{rel}","templated":true}]}}