{"id":4271,"date":"2023-12-20T16:35:01","date_gmt":"2023-12-20T15:35:01","guid":{"rendered":"https:\/\/agora.xtec.cat\/ceipjosepmadrenys\/?p=4271"},"modified":"2023-12-20T16:35:01","modified_gmt":"2023-12-20T15:35:01","slug":"celebrem-el-nadal-a-lescola","status":"publish","type":"post","link":"https:\/\/agora.xtec.cat\/ceipjosepmadrenys\/portada\/celebrem-el-nadal-a-lescola\/","title":{"rendered":"CELEBREM EL NADAL A L\u2019ESCOLA!"},"content":{"rendered":"<p><span style=\"font-weight: 400;\">El dimarts 19 de desembre hem pogut celebrar amb les fam\u00edlies la cantada de nadales d\u2019aquest any. A trav\u00e9s d\u2019una hist\u00f2ria creada pels alumnes de cicle superior, hem representat cada curs la nostra can\u00e7\u00f3 de nadal. Ens ha agradat molt poder-ho compartir amb les fam\u00edlies!<\/span><\/p>\n<p><span style=\"font-weight: 400;\">El dimecres 20 de desembre, al mat\u00ed, els alumnes d\u2019Educaci\u00f3 Infantil i Cicle Inicial hem cagat el nostre ti\u00f3, mentre que els alumnes m\u00e9s grans de l\u2019escola, Cicle Mitj\u00e0 i Cicle Superior han gaudit de l\u2019amic invisible. A la tarda ens han vingut a visitar els patges reials per recollir les nostres cartes i iniciar, d\u2019aquesta manera, el Nadal.<\/span><\/p>\n<h4><\/h4>\n<p><span style=\"font-weight: 400;\">Des de l\u2019escola us desitgem molt bones festes!!!<\/span><\/p>\n<p><span style=\"font-weight: 400;\">\u00a0<\/span><\/p>\n<p><span style=\"font-weight: 400;\">Feu clic aqu\u00ed per veure&#8217;n les <a href=\"https:\/\/drive.google.com\/drive\/folders\/1l-G4YuR-hDqBxWWVZaHTz23R929L71Cu?usp=sharing\" target=\"_blank\" rel=\"noopener\">imatges<\/a> o el <a href=\"https:\/\/drive.google.com\/file\/d\/1tBjeaE6HwaVIlwbxyqoyLSVtdTGmyV8_\/view?usp=sharing\" target=\"_blank\" rel=\"noopener\">v\u00eddeo<\/a>.<\/span><\/p>\n","protected":false},"excerpt":{"rendered":"<p>El dimarts 19 de desembre hem pogut celebrar amb les fam\u00edlies la cantada de nadales d\u2019aquest any. A trav\u00e9s d\u2019una hist\u00f2ria creada pels alumnes de cicle superior, hem representat cada curs la nostra can\u00e7\u00f3 de nadal. Ens ha agradat molt poder-ho compartir amb les fam\u00edlies!<br \/>\nEl&hellip;  <a href=\"https:\/\/agora.xtec.cat\/ceipjosepmadrenys\/portada\/celebrem-el-nadal-a-lescola\/\" title=\"Read CELEBREM EL NADAL A L\u2019ESCOLA!\">Llegeix m\u00e9s\u00bb<\/a><\/p>\n","protected":false},"author":1,"featured_media":4272,"comment_status":"open","ping_status":"closed","sticky":false,"template":"","format":"standard","meta":{"_bbp_topic_count":0,"_bbp_reply_count":0,"_bbp_total_topic_count":0,"_bbp_total_reply_count":0,"_bbp_voice_count":0,"_bbp_anonymous_reply_count":0,"_bbp_topic_count_hidden":0,"_bbp_reply_count_hidden":0,"_bbp_forum_subforum_count":0,"footnotes":""},"categories":[4],"tags":[],"class_list":["post-4271","post","type-post","status-publish","format-standard","has-post-thumbnail","hentry","category-portada"],"post_mailing_queue_ids":[],"_links":{"self":[{"href":"https:\/\/agora.xtec.cat\/ceipjosepmadrenys\/wp-json\/wp\/v2\/posts\/4271","targetHints":{"allow":["GET"]}}],"collection":[{"href":"https:\/\/agora.xtec.cat\/ceipjosepmadrenys\/wp-json\/wp\/v2\/posts"}],"about":[{"href":"https:\/\/agora.xtec.cat\/ceipjosepmadrenys\/wp-json\/wp\/v2\/types\/post"}],"author":[{"embeddable":true,"href":"https:\/\/agora.xtec.cat\/ceipjosepmadrenys\/wp-json\/wp\/v2\/users\/1"}],"replies":[{"embeddable":true,"href":"https:\/\/agora.xtec.cat\/ceipjosepmadrenys\/wp-json\/wp\/v2\/comments?post=4271"}],"version-history":[{"count":1,"href":"https:\/\/agora.xtec.cat\/ceipjosepmadrenys\/wp-json\/wp\/v2\/posts\/4271\/revisions"}],"predecessor-version":[{"id":4273,"href":"https:\/\/agora.xtec.cat\/ceipjosepmadrenys\/wp-json\/wp\/v2\/posts\/4271\/revisions\/4273"}],"wp:featuredmedia":[{"embeddable":true,"href":"https:\/\/agora.xtec.cat\/ceipjosepmadrenys\/wp-json\/wp\/v2\/media\/4272"}],"wp:attachment":[{"href":"https:\/\/agora.xtec.cat\/ceipjosepmadrenys\/wp-json\/wp\/v2\/media?parent=4271"}],"wp:term":[{"taxonomy":"category","embeddable":true,"href":"https:\/\/agora.xtec.cat\/ceipjosepmadrenys\/wp-json\/wp\/v2\/categories?post=4271"},{"taxonomy":"post_tag","embeddable":true,"href":"https:\/\/agora.xtec.cat\/ceipjosepmadrenys\/wp-json\/wp\/v2\/tags?post=4271"}],"curies":[{"name":"wp","href":"https:\/\/api.w.org\/{rel}","templated":true}]}}