{"id":4084,"date":"2023-11-08T09:03:22","date_gmt":"2023-11-08T08:03:22","guid":{"rendered":"https:\/\/agora.xtec.cat\/ceipjosepmadrenys\/?p=4084"},"modified":"2023-11-08T09:06:38","modified_gmt":"2023-11-08T08:06:38","slug":"celebrem-la-castanyada","status":"publish","type":"post","link":"https:\/\/agora.xtec.cat\/ceipjosepmadrenys\/portada\/celebrem-la-castanyada\/","title":{"rendered":"CELEBREM LA CASTANYADA!"},"content":{"rendered":"<p><span style=\"font-weight: 400;\">Els nens i nenes de la nostra escola\u00a0 estem de Castanyada!<\/span><\/p>\n<p><span style=\"font-weight: 400;\">A finals de la setmana passada vam rebre una carta an\u00f2nima que ens demanava dues coses:<\/span><\/p>\n<p><span style=\"font-weight: 400;\">1- Realitzar uns reptes per cicles i poder descobrir aix\u00ed quin \u00e9s el nostre projecte com\u00fa d\u2019escola d\u2019aquest curs.<\/span><\/p>\n<p><span style=\"font-weight: 400;\">2- Descobrir durant aquests pr\u00f2xims dies qui \u00e9s que ens ha enviat la carta.<\/span><\/p>\n<p><span style=\"font-weight: 400;\">El dilluns i dimarts els diferents cicles hem realitzat els reptes i hem pogut aconseguir una pista. El dimarts a la festa de la castanyada ho hem posat en com\u00fa i aix\u00ed hem pogut descobrir que el projecte com\u00fa d\u2019escola d\u2019aquest curs s\u00f3n: \u201cLes Olimp\u00edades\u201d.<\/span><\/p>\n<p><span style=\"font-weight: 400;\">Tamb\u00e9 hem menjat castanyes que ens ha portat l\u2019AMPA. Estaven bon\u00edssimes!<\/span><\/p>\n<p><span style=\"font-weight: 400;\">A continuaci\u00f3 hem ballat i cantat amb tots els nens i nenes de l\u2019escola.<\/span><\/p>\n<p><span style=\"font-weight: 400;\">Ens ho hem passat genial!!<\/span><\/p>\n<p><a href=\"https:\/\/drive.google.com\/drive\/folders\/17Eywheqpbvxvx6rqLt4qBGj9N1_yKcQx?usp=sharing\" target=\"_blank\" rel=\"noopener\">FOTOS<\/a><\/p>\n","protected":false},"excerpt":{"rendered":"<p>Els nens i nenes de la nostra escola\u00a0 estem de Castanyada!<br \/>\nA finals de la setmana passada vam rebre una carta an\u00f2nima que ens demanava dues coses:<br \/>\n1- Realitzar uns reptes per cicles i poder descobrir aix\u00ed quin \u00e9s el nostre projecte com\u00fa d\u2019escola d\u2019aquest curs.<br \/>\n2- Descobrir&hellip;  <a href=\"https:\/\/agora.xtec.cat\/ceipjosepmadrenys\/portada\/celebrem-la-castanyada\/\" title=\"Read CELEBREM LA CASTANYADA!\">Llegeix m\u00e9s\u00bb<\/a><\/p>\n","protected":false},"author":4,"featured_media":4085,"comment_status":"open","ping_status":"closed","sticky":false,"template":"","format":"standard","meta":{"_bbp_topic_count":0,"_bbp_reply_count":0,"_bbp_total_topic_count":0,"_bbp_total_reply_count":0,"_bbp_voice_count":0,"_bbp_anonymous_reply_count":0,"_bbp_topic_count_hidden":0,"_bbp_reply_count_hidden":0,"_bbp_forum_subforum_count":0,"footnotes":""},"categories":[4],"tags":[],"class_list":["post-4084","post","type-post","status-publish","format-standard","has-post-thumbnail","hentry","category-portada"],"post_mailing_queue_ids":[],"_links":{"self":[{"href":"https:\/\/agora.xtec.cat\/ceipjosepmadrenys\/wp-json\/wp\/v2\/posts\/4084","targetHints":{"allow":["GET"]}}],"collection":[{"href":"https:\/\/agora.xtec.cat\/ceipjosepmadrenys\/wp-json\/wp\/v2\/posts"}],"about":[{"href":"https:\/\/agora.xtec.cat\/ceipjosepmadrenys\/wp-json\/wp\/v2\/types\/post"}],"author":[{"embeddable":true,"href":"https:\/\/agora.xtec.cat\/ceipjosepmadrenys\/wp-json\/wp\/v2\/users\/4"}],"replies":[{"embeddable":true,"href":"https:\/\/agora.xtec.cat\/ceipjosepmadrenys\/wp-json\/wp\/v2\/comments?post=4084"}],"version-history":[{"count":1,"href":"https:\/\/agora.xtec.cat\/ceipjosepmadrenys\/wp-json\/wp\/v2\/posts\/4084\/revisions"}],"predecessor-version":[{"id":4086,"href":"https:\/\/agora.xtec.cat\/ceipjosepmadrenys\/wp-json\/wp\/v2\/posts\/4084\/revisions\/4086"}],"wp:featuredmedia":[{"embeddable":true,"href":"https:\/\/agora.xtec.cat\/ceipjosepmadrenys\/wp-json\/wp\/v2\/media\/4085"}],"wp:attachment":[{"href":"https:\/\/agora.xtec.cat\/ceipjosepmadrenys\/wp-json\/wp\/v2\/media?parent=4084"}],"wp:term":[{"taxonomy":"category","embeddable":true,"href":"https:\/\/agora.xtec.cat\/ceipjosepmadrenys\/wp-json\/wp\/v2\/categories?post=4084"},{"taxonomy":"post_tag","embeddable":true,"href":"https:\/\/agora.xtec.cat\/ceipjosepmadrenys\/wp-json\/wp\/v2\/tags?post=4084"}],"curies":[{"name":"wp","href":"https:\/\/api.w.org\/{rel}","templated":true}]}}