{"id":4052,"date":"2023-10-23T15:25:07","date_gmt":"2023-10-23T13:25:07","guid":{"rendered":"https:\/\/agora.xtec.cat\/ceipjosepmadrenys\/?p=4052"},"modified":"2023-11-02T13:19:58","modified_gmt":"2023-11-02T12:19:58","slug":"projecte-de-delegats-diem-la-nostra-de-3r-a-6e","status":"publish","type":"post","link":"https:\/\/agora.xtec.cat\/ceipjosepmadrenys\/portada\/projecte-de-delegats-diem-la-nostra-de-3r-a-6e\/","title":{"rendered":"PROJECTE DE DELEGATS: DIEM LA NOSTRA ! (de 1r a 6\u00e8)"},"content":{"rendered":"<div class=\"gmail_quote\">\n<div dir=\"ltr\">\n<p>El dilluns 9 d&#8217;Octubre vam anar a Can Sagrera per iniciar el projecte &#8220;Diem la Nostra!&#8221;.<\/p>\n<div>\u00a0Aquesta trobada ens va servir per a presentar com fem l&#8217;elecci\u00f3 de delegats i delegades d&#8217;escola: seguim un proc\u00e9s electoral i aprenem el funcionament del sistema democr\u00e0tic. A m\u00e9s a m\u00e9s vam parlar de la import\u00e0ncia de tenir delegats\/des de classe i de la responsabilitat que aquests assumeixen.<\/div>\n<div>\n<p>Podeu veure totes les novetats d&#8217;aquest projecte a la p\u00e0gina web del projecte de conviv\u00e8ncia de l&#8217;escola.<\/p>\n<div>Ja tenim ganes de saber qui seran els nous delegats\/des i comen\u00e7ar a treballar per a que l&#8217;escola funcioni el millor possible!<\/div>\n<\/div>\n<div><\/div>\n<div>Comissi\u00f3 de Conviv\u00e8ncia<\/div>\n<\/div>\n<\/div>\n<div class=\"yj6qo\"><\/div>\n<div class=\"adL\"><img loading=\"lazy\" decoding=\"async\" class=\"size-medium wp-image-4053 alignleft\" src=\"https:\/\/agora.xtec.cat\/ceipjosepmadrenys\/wp-content\/uploads\/usu1386\/2023\/10\/Foto-de-Lota-2-300x225.jpg\" alt=\"\" width=\"300\" height=\"225\" srcset=\"https:\/\/agora.xtec.cat\/ceipjosepmadrenys\/wp-content\/uploads\/usu1386\/2023\/10\/Foto-de-Lota-2-300x225.jpg 300w, https:\/\/agora.xtec.cat\/ceipjosepmadrenys\/wp-content\/uploads\/usu1386\/2023\/10\/Foto-de-Lota-2-1024x768.jpg 1024w, https:\/\/agora.xtec.cat\/ceipjosepmadrenys\/wp-content\/uploads\/usu1386\/2023\/10\/Foto-de-Lota-2-768x576.jpg 768w, https:\/\/agora.xtec.cat\/ceipjosepmadrenys\/wp-content\/uploads\/usu1386\/2023\/10\/Foto-de-Lota-2-1536x1152.jpg 1536w, https:\/\/agora.xtec.cat\/ceipjosepmadrenys\/wp-content\/uploads\/usu1386\/2023\/10\/Foto-de-Lota-2-200x150.jpg 200w, https:\/\/agora.xtec.cat\/ceipjosepmadrenys\/wp-content\/uploads\/usu1386\/2023\/10\/Foto-de-Lota-2.jpg 2048w\" sizes=\"auto, (max-width: 300px) 100vw, 300px\" \/><img loading=\"lazy\" decoding=\"async\" class=\"size-medium wp-image-4054 alignleft\" src=\"https:\/\/agora.xtec.cat\/ceipjosepmadrenys\/wp-content\/uploads\/usu1386\/2023\/10\/Foto-de-Lota-300x225.jpg\" alt=\"\" width=\"300\" height=\"225\" srcset=\"https:\/\/agora.xtec.cat\/ceipjosepmadrenys\/wp-content\/uploads\/usu1386\/2023\/10\/Foto-de-Lota-300x225.jpg 300w, https:\/\/agora.xtec.cat\/ceipjosepmadrenys\/wp-content\/uploads\/usu1386\/2023\/10\/Foto-de-Lota-1024x768.jpg 1024w, https:\/\/agora.xtec.cat\/ceipjosepmadrenys\/wp-content\/uploads\/usu1386\/2023\/10\/Foto-de-Lota-768x576.jpg 768w, https:\/\/agora.xtec.cat\/ceipjosepmadrenys\/wp-content\/uploads\/usu1386\/2023\/10\/Foto-de-Lota-1536x1152.jpg 1536w, https:\/\/agora.xtec.cat\/ceipjosepmadrenys\/wp-content\/uploads\/usu1386\/2023\/10\/Foto-de-Lota-200x150.jpg 200w, https:\/\/agora.xtec.cat\/ceipjosepmadrenys\/wp-content\/uploads\/usu1386\/2023\/10\/Foto-de-Lota.jpg 2048w\" sizes=\"auto, (max-width: 300px) 100vw, 300px\" \/><\/div>\n<div class=\"adL\"><img loading=\"lazy\" decoding=\"async\" class=\"size-medium wp-image-4055 alignleft\" src=\"https:\/\/agora.xtec.cat\/ceipjosepmadrenys\/wp-content\/uploads\/usu1386\/2023\/10\/IMG_20231009_115037-225x300.jpg\" alt=\"\" width=\"225\" height=\"300\" srcset=\"https:\/\/agora.xtec.cat\/ceipjosepmadrenys\/wp-content\/uploads\/usu1386\/2023\/10\/IMG_20231009_115037-225x300.jpg 225w, https:\/\/agora.xtec.cat\/ceipjosepmadrenys\/wp-content\/uploads\/usu1386\/2023\/10\/IMG_20231009_115037-768x1024.jpg 768w, https:\/\/agora.xtec.cat\/ceipjosepmadrenys\/wp-content\/uploads\/usu1386\/2023\/10\/IMG_20231009_115037-1152x1536.jpg 1152w, https:\/\/agora.xtec.cat\/ceipjosepmadrenys\/wp-content\/uploads\/usu1386\/2023\/10\/IMG_20231009_115037-1536x2048.jpg 1536w, https:\/\/agora.xtec.cat\/ceipjosepmadrenys\/wp-content\/uploads\/usu1386\/2023\/10\/IMG_20231009_115037.jpg 1728w\" sizes=\"auto, (max-width: 225px) 100vw, 225px\" \/><\/div>\n","protected":false},"excerpt":{"rendered":"<p>El dilluns 9 d&#8217;Octubre vam anar a Can Sagrera per iniciar el projecte &#8220;Diem la Nostra!&#8221;&hellip;  <a href=\"https:\/\/agora.xtec.cat\/ceipjosepmadrenys\/portada\/projecte-de-delegats-diem-la-nostra-de-3r-a-6e\/\" title=\"Read PROJECTE DE DELEGATS: DIEM LA NOSTRA ! (de 1r a 6\u00e8)\">Llegeix m\u00e9s\u00bb<\/a><\/p>\n","protected":false},"author":1,"featured_media":4054,"comment_status":"open","ping_status":"closed","sticky":false,"template":"","format":"standard","meta":{"_bbp_topic_count":0,"_bbp_reply_count":0,"_bbp_total_topic_count":0,"_bbp_total_reply_count":0,"_bbp_voice_count":0,"_bbp_anonymous_reply_count":0,"_bbp_topic_count_hidden":0,"_bbp_reply_count_hidden":0,"_bbp_forum_subforum_count":0,"footnotes":""},"categories":[4],"tags":[],"class_list":["post-4052","post","type-post","status-publish","format-standard","has-post-thumbnail","hentry","category-portada"],"post_mailing_queue_ids":[],"_links":{"self":[{"href":"https:\/\/agora.xtec.cat\/ceipjosepmadrenys\/wp-json\/wp\/v2\/posts\/4052","targetHints":{"allow":["GET"]}}],"collection":[{"href":"https:\/\/agora.xtec.cat\/ceipjosepmadrenys\/wp-json\/wp\/v2\/posts"}],"about":[{"href":"https:\/\/agora.xtec.cat\/ceipjosepmadrenys\/wp-json\/wp\/v2\/types\/post"}],"author":[{"embeddable":true,"href":"https:\/\/agora.xtec.cat\/ceipjosepmadrenys\/wp-json\/wp\/v2\/users\/1"}],"replies":[{"embeddable":true,"href":"https:\/\/agora.xtec.cat\/ceipjosepmadrenys\/wp-json\/wp\/v2\/comments?post=4052"}],"version-history":[{"count":4,"href":"https:\/\/agora.xtec.cat\/ceipjosepmadrenys\/wp-json\/wp\/v2\/posts\/4052\/revisions"}],"predecessor-version":[{"id":4088,"href":"https:\/\/agora.xtec.cat\/ceipjosepmadrenys\/wp-json\/wp\/v2\/posts\/4052\/revisions\/4088"}],"wp:featuredmedia":[{"embeddable":true,"href":"https:\/\/agora.xtec.cat\/ceipjosepmadrenys\/wp-json\/wp\/v2\/media\/4054"}],"wp:attachment":[{"href":"https:\/\/agora.xtec.cat\/ceipjosepmadrenys\/wp-json\/wp\/v2\/media?parent=4052"}],"wp:term":[{"taxonomy":"category","embeddable":true,"href":"https:\/\/agora.xtec.cat\/ceipjosepmadrenys\/wp-json\/wp\/v2\/categories?post=4052"},{"taxonomy":"post_tag","embeddable":true,"href":"https:\/\/agora.xtec.cat\/ceipjosepmadrenys\/wp-json\/wp\/v2\/tags?post=4052"}],"curies":[{"name":"wp","href":"https:\/\/api.w.org\/{rel}","templated":true}]}}