{"id":20163,"date":"2026-09-01T00:48:12","date_gmt":"2026-08-31T22:48:12","guid":{"rendered":"https:\/\/agora.xtec.cat\/ceipjosepguinovart\/?p=20163"},"modified":"2026-09-01T00:53:24","modified_gmt":"2026-08-31T22:53:24","slug":"equipament-escolar","status":"publish","type":"post","link":"https:\/\/agora.xtec.cat\/ceipjosepguinovart\/portada\/equipament-escolar\/","title":{"rendered":"Not\u00edcies Equipament escolar"},"content":{"rendered":"\n<p>L\u2019AFA coordina amb Eugeni Sports, una empresa familiar de Gav\u00e0, la venta d\u2019equipament escolar. Eugeni Sports concentra la producci\u00f3 en per\u00edodes concrets per tal de donar un millor servei. A continuaci\u00f3 us facilitem:<\/p>\n\n\n\n<p>&#8211; El calendari; amb les dates de compra ordin\u00e0ria; s\u00f3n dos a l\u2019any; un durant el curs, a l\u2019inici de la primavera, i una a fi nal de curs, per fer la previsi\u00f3 per al curs vinent.<br>&#8211; La mec\u00e0nica de la comanda<br>&#8211; Les preguntes i respostes m\u00e9s freq\u00fcents.<\/p>\n\n\n\n<p>\ud83d\uddd3\ufe0f<strong>CALENDARI<\/strong><\/p>\n\n\n\n<figure class=\"wp-block-table is-style-stripes has-small-font-size\"><table class=\"has-border-color has-black-border-color\" style=\"border-width:4px\"><tbody><tr><td>&nbsp;<\/td><td><strong>C<\/strong><strong>O<\/strong><strong>M<\/strong><strong>P<\/strong><strong>R<\/strong><strong>A<\/strong><\/td><td><strong>ENTREGA<\/strong><\/td><\/tr><tr><td>\u00a0<strong>ORDIN\u00c0RIA Juny 2026<\/strong><\/td><td>\u00a0Realitzada<\/td><td>\u00a0<strong>15 i 16 de setembre de 16:30-18h Presencial<\/strong><\/td><\/tr><tr><td>\u00a0<strong>EXTRAORDIN\u00c0RIA fam\u00edlies nouvingudes a l\u2019escola<\/strong><\/td><td>\u00a0\u25cf 15 i 16 de setembre de 16:30-18h PRESENCIAL<br>\u25cf Fins al 25 telem\u00e0tica<\/td><td>Aquesta comanda \u00e9s excepcional. No es garanteix l\u2019entrega en menys d\u2019un mes ja que el tallers de confecci\u00f3 estan saturats per l\u2019alta demanda de temporada.<\/td><\/tr><tr><td><strong>\u00a0ORDIN\u00c0RIA<\/strong> canvi d&#8217;armari<br>(entre Carnaval i Setmana Santa)<\/td><td>\u00a0\u25cf Del 19 de febrer al 7 de mar\u00e7. Telem\u00e0tica per whatsapp o mail<\/td><td>Entrega al cap d\u2019un mes; 29 de mar\u00e7 On? a la classe directament . En cas d\u2019haver germans, es posen les dues comandes a la bossa del m\u00e9s petit.<\/td><\/tr><tr><td>\u00a0<strong>ORDIN\u00c0RIA pel curs vinent<\/strong> (es recomana agafar +1 talla de l\u2019actual, que a l\u2019estiu creixen!)<\/td><td>\u00a0\u25cf 1 i 2 de Juny. Presencial a l\u2019escola. Horari no intensiu de 16:30-18h<br>\u25cf Del 3 al 14 de Juny. Telem\u00e0tica per whatsapp o mail<\/td><td>Eugeni Sports entregar\u00e0 aquestes comandes en persona, directament a les fam\u00edlies, a la sortida l\u2019escola el 14 i 15 de setembre<\/td><\/tr><tr><td>\u00a0<strong>EXTRAORDINARIA<\/strong> fam\u00edlies nouvingudes I3 (talles 2 i 4)<\/td><td>\u00a0\u25cf De l&#8217;1 al 18 de Juliol telem\u00e0tica per Whatsapp o mail<\/td><td>Eugeni Sports entregar\u00e0 aquestes comandes en persona, directament a les fam\u00edlies, a la sortida l\u2019escola el 14 i 15 de setembre<\/td><\/tr><\/tbody><\/table><\/figure>\n\n\n\n<p>\ud83d\udcdd <strong>COM FER LA COMANDA<\/strong><br>Mesureu el\/la vostre fi ll\/a i seleccionar la talla correcta. Aqu\u00ed teniu el tallatge=&gt;<a href=\"https:\/\/agora.xtec.cat\/ceipjosepguinovart\/wp-content\/uploads\/usu421\/2023\/06\/TABLA-DE-MEDIDAS-EQUIPACION.pdf\" target=\"_blank\" rel=\"noopener\">Tallatge equipament<\/a><br>1. Descarregueu el formulari i ompliu <a href=\"https:\/\/agora.xtec.cat\/ceipjosepguinovart\/wp-content\/uploads\/usu421\/2022\/06\/COMANDA-EQUIPACIO-ESCOLAR-GUINOVART.pdf\" target=\"_blank\" rel=\"noopener\">FORMULARI COMANDA ROBA<\/a> . Un formulari per alumne. No us oblideu posar un tel\u00e8fon, el nom i cognoms del nen\/a i el curs que far\u00e0 durant el curs en qu\u00e8 es far\u00e0 l\u2019entrega.<br>2. Enviar el formulari a&nbsp;<a style=\"font-family: inherit; font-size: 1em;\" href=\"mailto:eugenisports@yahoo.es\" target=\"_blank\" rel=\"noopener\">eugenisports@yahoo.es<\/a><br>3. Realitzar el pagament de la suma total del producte per transfer\u00e8ncia o bizum. La tarifa de la roba \u00e9s diferent en funci\u00f3 de si la fam\u00edlia \u00e9s s\u00f2cia o no de l\u2019AFA. Destacar que Eugeni Sports corroborar\u00e0 la membres\u00eda de l\u2019AFA de cada comanda. Aix\u00f2 \u00e9s possible perqu\u00e8 l\u2019AFA facilita el llistat de socis, que han autoritzat la compartici\u00f3 de dades amb els prove\u00efdors amb els que l\u2019AFA treballa, entre ells, Eugeni Sports.<\/p>\n\n\n\n<p>En el cas de fam\u00edlies d\u2019I3 que fan la comanda al juliol, per\u00edode en el que encara no disposem de llistat de socis, donem temps que es facin s\u00f2cies durant juliol i facilitem el llistat a Eugeni Sports durant el mes d\u2019agost.<\/p>\n\n\n\n<p><span style=\"color: #ff0000;\">Destacar que en el cas que Eugeni Sports detecti que una fam\u00edlia no s\u00f2cia fa comanda com a s\u00f2cia, Eugeni Sports els informar\u00e0, amb c\u00f2pia a L\u2019AFA, donant la opci\u00f3 de:<\/span><\/p>\n\n\n\n<p>&#8211; Aclarir el malent\u00e8s<br>&#8211; Fer-se s\u00f2cia de l\u2019AFA<br>&#8211; Pagar la difer\u00e8ncia de la comanda.<\/p>\n\n\n\n<p>Mentre no es segueixi una d\u2019aquestes tres vies, Eugeni Sports retindr\u00e0 la comanda.<\/p>\n\n\n\n<p>\u2049\ufe0f<strong>FAQS<\/strong><\/p>\n\n\n\n<p>&#8211; Si tinc m\u00e9s d\u2019un fi ll, \u00bfon s\u2019entregar\u00e0 la comanda? Si \u00e9s una entrega que es fa a l\u2019escola, es far\u00e0 a la classe del m\u00e9s petit\/a<br>&#8211; El meu fi ll ha perdut l\u2019equipament escolar a l\u2019escola \u00bfon puc reclamar? Si us poseu en contacte amb consergeria, us poden donar acc\u00e9s a objectes perduts. \u00c9s molt recomanable que etiqueteu la roba per tal de garantir-ne la recuperaci\u00f3..<br>&#8211; \u00bfPuc fer compres fora del per\u00edode de venda? Eugeni Sports \u00e9s una empresa familiar i concentra la producci\u00f3 en per\u00edodes concrets per tal de donar un millor servei. Fora d\u2019aquests per\u00edodes conta amb un estoc petit per poder donar resposta a comandes excepcionals, como les de fam\u00edlies nouvingudes per matr\u00edcula viva. Si feu comandes fora de data, recomanem que, abans de fer el pagament de la comanda, confirmeu amb Eugeni Sports si t\u00e9 estoc de la talla requerida. Sigueu conscients que el per\u00edode d\u2019entrega fora de termini pot ser m\u00e9s llarg.<br>&#8211; He tingut una incid\u00e8ncia amb la comanda, qu\u00e8 he de fer? Contacteu directament amb Eugeni Sports per escrit a trav\u00e9s del correu electr\u00f2nic <a href=\"mailto:eugenisports@yahoo.es\" target=\"_blank\" rel=\"noopener\">eugenisports<span class=\"\">@yahoo.e<\/span>s<\/a> o per whatsapp. 615 349 564. En el cas de necessitar escalar la incid\u00e8ncia l\u2019AFA, recomanem que ho feu directament a la COMISSI\u00d3 DE LLIBRES I ROBA a <a href=\"mailto:afallibresiroba@escolaguinovart.cat\" target=\"_blank\" rel=\"noopener\">afallibresiroba@escolaguinovart.cat<\/a><br>&#8211; \u00bfL\u2019AFA contempla la venda d\u2019equipament esportiu de 2a m\u00e0? L\u2019AFA anima a la reutilitzaci\u00f3. Sobre el maig fa una recollida de roba que no s\u2019usi i <span style=\"text-decoration: underline;\">estigui en bon estat. E<\/span>n funci\u00f3 del volum recollit, es pot organitzar una venda de roba abans de la venda de juny.<br>&#8211; \u00bfCom em puc fer s\u00f2cia de l\u2019AFA i gaudir dels descomptes? Al blog de l\u2019AFA t\u2019expliquem <a href=\"https:\/\/blocs.xtec.cat\/afaguinovart\/quota-de-soci\/\" target=\"_blank\" rel=\"noopener\">com pagar la quota anual de fam\u00edlia s\u00f2cia<\/a>.<\/p>\n\n\n\n<p><strong>SEGUEIX-NOS A:<\/strong> <a href=\"https:\/\/t.me\/+Ib8Pd920vZE0NTM0\" target=\"_blank\" rel=\"noopener\"><img loading=\"lazy\" decoding=\"async\" class=\"alignnone wp-image-20165\" src=\"https:\/\/agora.xtec.cat\/ceipjosepguinovart\/wp-content\/uploads\/usu421\/2026\/03\/Telegram-icon-on-transparent-background-PNG-1-150x150.png\" alt=\"\" width=\"45\" height=\"45\" srcset=\"https:\/\/agora.xtec.cat\/ceipjosepguinovart\/wp-content\/uploads\/usu421\/2026\/03\/Telegram-icon-on-transparent-background-PNG-1-150x150.png 150w, https:\/\/agora.xtec.cat\/ceipjosepguinovart\/wp-content\/uploads\/usu421\/2026\/03\/Telegram-icon-on-transparent-background-PNG-1-300x300.png 300w, https:\/\/agora.xtec.cat\/ceipjosepguinovart\/wp-content\/uploads\/usu421\/2026\/03\/Telegram-icon-on-transparent-background-PNG-1.png 600w\" sizes=\"auto, (max-width: 45px) 100vw, 45px\" \/><\/a><a href=\"https:\/\/t.me\/+Ib8Pd920vZE0NTM0\" target=\"_blank\" rel=\"noopener\">TELEGRAM AFA<\/a> o <a href=\"https:\/\/t.me\/+Ib8Pd920vZE0NTM0\" target=\"_blank\" rel=\"noopener\">INSTAGRAM AFA<\/a><a href=\"https:\/\/www.instagram.com\/afa_guinovart_22\/\" target=\"_blank\" rel=\"noopener\"><img loading=\"lazy\" decoding=\"async\" class=\"alignnone wp-image-20167\" src=\"https:\/\/agora.xtec.cat\/ceipjosepguinovart\/wp-content\/uploads\/usu421\/2026\/03\/Instagram-150x150.png\" alt=\"\" width=\"45\" height=\"45\" srcset=\"https:\/\/agora.xtec.cat\/ceipjosepguinovart\/wp-content\/uploads\/usu421\/2026\/03\/Instagram-150x150.png 150w, https:\/\/agora.xtec.cat\/ceipjosepguinovart\/wp-content\/uploads\/usu421\/2026\/03\/Instagram-300x300.png 300w, https:\/\/agora.xtec.cat\/ceipjosepguinovart\/wp-content\/uploads\/usu421\/2026\/03\/Instagram.png 420w\" sizes=\"auto, (max-width: 45px) 100vw, 45px\" \/><\/a><\/p>\n","protected":false},"excerpt":{"rendered":"<p>Calendari amb les dates de compra, mec\u00e0nica de la comanda i preguntes\/respostes m\u00e9s freq\u00fcents sobre l&#8217;equipament escolar.<\/p>\n","protected":false},"author":1,"featured_media":20170,"comment_status":"open","ping_status":"open","sticky":false,"template":"","format":"standard","meta":{"_bbp_topic_count":0,"_bbp_reply_count":0,"_bbp_total_topic_count":0,"_bbp_total_reply_count":0,"_bbp_voice_count":0,"_bbp_anonymous_reply_count":0,"_bbp_topic_count_hidden":0,"_bbp_reply_count_hidden":0,"_bbp_forum_subforum_count":0,"site-sidebar-layout":"default","site-content-layout":"","ast-site-content-layout":"default","site-content-style":"default","site-sidebar-style":"default","ast-global-header-display":"","ast-banner-title-visibility":"","ast-main-header-display":"","ast-hfb-above-header-display":"","ast-hfb-below-header-display":"","ast-hfb-mobile-header-display":"","site-post-title":"","ast-breadcrumbs-content":"","ast-featured-img":"","footer-sml-layout":"","theme-transparent-header-meta":"","adv-header-id-meta":"","stick-header-meta":"","header-above-stick-meta":"","header-main-stick-meta":"","header-below-stick-meta":"","astra-migrate-meta-layouts":"set","ast-page-background-enabled":"default","ast-page-background-meta":{"desktop":{"background-color":"var(--ast-global-color-4)","background-image":"","background-repeat":"repeat","background-position":"center center","background-size":"auto","background-attachment":"scroll","background-type":"","background-media":"","overlay-type":"","overlay-color":"","overlay-opacity":"","overlay-gradient":""},"tablet":{"background-color":"","background-image":"","background-repeat":"repeat","background-position":"center center","background-size":"auto","background-attachment":"scroll","background-type":"","background-media":"","overlay-type":"","overlay-color":"","overlay-opacity":"","overlay-gradient":""},"mobile":{"background-color":"","background-image":"","background-repeat":"repeat","background-position":"center center","background-size":"auto","background-attachment":"scroll","background-type":"","background-media":"","overlay-type":"","overlay-color":"","overlay-opacity":"","overlay-gradient":""}},"ast-content-background-meta":{"desktop":{"background-color":"var(--ast-global-color-5)","background-image":"","background-repeat":"repeat","background-position":"center center","background-size":"auto","background-attachment":"scroll","background-type":"","background-media":"","overlay-type":"","overlay-color":"","overlay-opacity":"","overlay-gradient":""},"tablet":{"background-color":"var(--ast-global-color-5)","background-image":"","background-repeat":"repeat","background-position":"center center","background-size":"auto","background-attachment":"scroll","background-type":"","background-media":"","overlay-type":"","overlay-color":"","overlay-opacity":"","overlay-gradient":""},"mobile":{"background-color":"var(--ast-global-color-5)","background-image":"","background-repeat":"repeat","background-position":"center center","background-size":"auto","background-attachment":"scroll","background-type":"","background-media":"","overlay-type":"","overlay-color":"","overlay-opacity":"","overlay-gradient":""}},"footnotes":""},"categories":[7,162,4],"tags":[],"class_list":["post-20163","post","type-post","status-publish","format-standard","has-post-thumbnail","hentry","category-afa","category-curs-25-26","category-portada"],"post_mailing_queue_ids":[],"_links":{"self":[{"href":"https:\/\/agora.xtec.cat\/ceipjosepguinovart\/wp-json\/wp\/v2\/posts\/20163","targetHints":{"allow":["GET"]}}],"collection":[{"href":"https:\/\/agora.xtec.cat\/ceipjosepguinovart\/wp-json\/wp\/v2\/posts"}],"about":[{"href":"https:\/\/agora.xtec.cat\/ceipjosepguinovart\/wp-json\/wp\/v2\/types\/post"}],"author":[{"embeddable":true,"href":"https:\/\/agora.xtec.cat\/ceipjosepguinovart\/wp-json\/wp\/v2\/users\/1"}],"replies":[{"embeddable":true,"href":"https:\/\/agora.xtec.cat\/ceipjosepguinovart\/wp-json\/wp\/v2\/comments?post=20163"}],"version-history":[{"count":6,"href":"https:\/\/agora.xtec.cat\/ceipjosepguinovart\/wp-json\/wp\/v2\/posts\/20163\/revisions"}],"predecessor-version":[{"id":20946,"href":"https:\/\/agora.xtec.cat\/ceipjosepguinovart\/wp-json\/wp\/v2\/posts\/20163\/revisions\/20946"}],"wp:featuredmedia":[{"embeddable":true,"href":"https:\/\/agora.xtec.cat\/ceipjosepguinovart\/wp-json\/wp\/v2\/media\/20170"}],"wp:attachment":[{"href":"https:\/\/agora.xtec.cat\/ceipjosepguinovart\/wp-json\/wp\/v2\/media?parent=20163"}],"wp:term":[{"taxonomy":"category","embeddable":true,"href":"https:\/\/agora.xtec.cat\/ceipjosepguinovart\/wp-json\/wp\/v2\/categories?post=20163"},{"taxonomy":"post_tag","embeddable":true,"href":"https:\/\/agora.xtec.cat\/ceipjosepguinovart\/wp-json\/wp\/v2\/tags?post=20163"}],"curies":[{"name":"wp","href":"https:\/\/api.w.org\/{rel}","templated":true}]}}