{"id":199,"date":"2013-01-30T09:41:24","date_gmt":"2013-01-30T08:41:24","guid":{"rendered":"http:\/\/blocs.xtec.cat\/guinovartinfantil\/?p=199"},"modified":"2017-07-13T10:53:36","modified_gmt":"2017-07-13T08:53:36","slug":"felic-dia-de-la-pau","status":"publish","type":"post","link":"https:\/\/agora.xtec.cat\/ceipjosepguinovart\/infantil\/i3\/felic-dia-de-la-pau\/","title":{"rendered":"FELI\u00c7 DIA DE LA PAU!!!!"},"content":{"rendered":"<p>Avui que \u00e9s 30 de gener ens hem convertit ens mags i amb la nostra m\u00e0gia la classe s&#8217;ha omplert de petons i abra\u00e7ades!!!!!<\/p>\n<p>Us recomenem la can\u00e7\u00f3 de &#8220;la festa de la pau&#8221;<\/p>\n<p>Molts petons&#8230;.<\/p>\n<p><a href=\"http:\/\/blocs.xtec.cat\/guinovartinfantil\/files\/2013\/01\/DSCF4594.jpg\"><img loading=\"lazy\" decoding=\"async\" class=\"alignnone size-medium wp-image-203\" src=\"http:\/\/blocs.xtec.cat\/guinovartinfantil\/files\/2013\/01\/DSCF4594-300x224.jpg\" alt=\"\" width=\"300\" height=\"224\" \/><\/a><a href=\"http:\/\/blocs.xtec.cat\/guinovartinfantil\/files\/2013\/01\/DSCF4593.jpg\"><img loading=\"lazy\" decoding=\"async\" class=\"alignnone size-medium wp-image-202\" src=\"http:\/\/blocs.xtec.cat\/guinovartinfantil\/files\/2013\/01\/DSCF4593-300x224.jpg\" alt=\"\" width=\"300\" height=\"224\" \/><\/a><a href=\"http:\/\/blocs.xtec.cat\/guinovartinfantil\/files\/2013\/01\/DSCF4586.jpg\"><img loading=\"lazy\" decoding=\"async\" class=\"alignnone size-medium wp-image-201\" src=\"http:\/\/blocs.xtec.cat\/guinovartinfantil\/files\/2013\/01\/DSCF4586-300x224.jpg\" alt=\"\" width=\"300\" height=\"224\" \/><\/a><\/p>\n<p><a href=\"http:\/\/blocs.xtec.cat\/guinovartinfantil\/files\/2013\/01\/DSCF4578.jpg\"><img loading=\"lazy\" decoding=\"async\" class=\"alignnone size-medium wp-image-200\" src=\"http:\/\/blocs.xtec.cat\/guinovartinfantil\/files\/2013\/01\/DSCF4578-300x224.jpg\" alt=\"\" width=\"300\" height=\"224\" \/><\/a><\/p>\n<p>I despr\u00e9s del pati tots els infants de l&#8217;escola Guinovart ens hem trobat al gimn\u00e0s per a fer un petit acte sobre el dia de la Pau&#8230; poemes, can\u00e7os, paraules, globus, mans i coloms, tot plegat per cridar tots junts:<\/p>\n<p style=\"text-align: center\"><span style=\"color: #008080\">VOLEM LA PAU!!!!<\/span><\/p>\n<p><a href=\"http:\/\/blocs.xtec.cat\/guinovartinfantil\/files\/2013\/01\/DSCF4599.jpg\"><img loading=\"lazy\" decoding=\"async\" class=\"alignnone size-medium wp-image-210\" src=\"http:\/\/blocs.xtec.cat\/guinovartinfantil\/files\/2013\/01\/DSCF4599-300x224.jpg\" alt=\"\" width=\"300\" height=\"224\" \/><\/a><a href=\"http:\/\/blocs.xtec.cat\/guinovartinfantil\/files\/2013\/01\/DSCF4602.jpg\"><img loading=\"lazy\" decoding=\"async\" class=\"alignnone size-medium wp-image-211\" src=\"http:\/\/blocs.xtec.cat\/guinovartinfantil\/files\/2013\/01\/DSCF4602-300x224.jpg\" alt=\"\" width=\"300\" height=\"224\" \/><\/a><a href=\"http:\/\/blocs.xtec.cat\/guinovartinfantil\/files\/2013\/01\/DSCF4608.jpg\"><img loading=\"lazy\" decoding=\"async\" class=\"alignnone size-medium wp-image-214\" src=\"http:\/\/blocs.xtec.cat\/guinovartinfantil\/files\/2013\/01\/DSCF4608-224x300.jpg\" alt=\"\" width=\"224\" height=\"300\" \/><\/a><a href=\"http:\/\/blocs.xtec.cat\/guinovartinfantil\/files\/2013\/01\/DSCF4610.jpg\"><img loading=\"lazy\" decoding=\"async\" class=\"alignnone size-medium wp-image-215\" src=\"http:\/\/blocs.xtec.cat\/guinovartinfantil\/files\/2013\/01\/DSCF4610-300x224.jpg\" alt=\"\" width=\"300\" height=\"224\" \/><\/a><a href=\"http:\/\/blocs.xtec.cat\/guinovartinfantil\/files\/2013\/01\/DSCF4604.jpg\"><img loading=\"lazy\" decoding=\"async\" class=\"alignnone size-medium wp-image-213\" src=\"http:\/\/blocs.xtec.cat\/guinovartinfantil\/files\/2013\/01\/DSCF4604-300x224.jpg\" alt=\"\" width=\"300\" height=\"224\" \/><\/a><a href=\"http:\/\/blocs.xtec.cat\/guinovartinfantil\/files\/2013\/01\/DSCF4603.jpg\"><img loading=\"lazy\" decoding=\"async\" class=\"alignnone size-medium wp-image-212\" src=\"http:\/\/blocs.xtec.cat\/guinovartinfantil\/files\/2013\/01\/DSCF4603-300x224.jpg\" alt=\"\" width=\"300\" height=\"224\" \/><\/a><a href=\"http:\/\/blocs.xtec.cat\/guinovartinfantil\/files\/2013\/01\/DSCF4611.jpg\"><img loading=\"lazy\" decoding=\"async\" class=\"alignnone size-medium wp-image-216\" src=\"http:\/\/blocs.xtec.cat\/guinovartinfantil\/files\/2013\/01\/DSCF4611-300x224.jpg\" alt=\"\" width=\"300\" height=\"224\" \/><\/a><a href=\"http:\/\/blocs.xtec.cat\/guinovartinfantil\/files\/2013\/01\/DSCF4615.jpg\"><img loading=\"lazy\" decoding=\"async\" class=\"alignnone size-medium wp-image-217\" src=\"http:\/\/blocs.xtec.cat\/guinovartinfantil\/files\/2013\/01\/DSCF4615-224x300.jpg\" alt=\"\" width=\"224\" height=\"300\" \/><\/a><\/p>\n","protected":false},"excerpt":{"rendered":"<p>Avui que \u00e9s 30 de gener ens hem convertit ens mags i amb la nostra m\u00e0gia la classe s&#8217;ha omplert de petons i abra\u00e7ades!!!!!<br \/>\nUs recomenem la can\u00e7\u00f3 de &#8220;la festa de la pau&#8221;<br \/>\nMolts petons&#8230;.<br \/>\n<a href=\"http:\/\/blocs.xtec.cat\/guinovartinfantil\/files\/2013\/01\/DSCF4594.jpg\"><\/a><a href=\"http:\/\/blocs.xtec.cat\/guinovartinfantil\/files\/2013\/01\/DSCF4593.jpg\"><\/a><a href=\"http:\/\/blocs.xtec.cat\/guinovartinfantil\/files\/2013\/01\/DSCF4586.jpg\"><\/a><br \/>\n<a href=\"http:\/\/blocs.xtec.cat\/guinovartinfantil\/files\/2013\/01\/DSCF4578.jpg\"><\/a><br \/>\nI despr\u00e9s del pati tots els infants de&hellip;  <a href=\"https:\/\/agora.xtec.cat\/ceipjosepguinovart\/infantil\/i3\/felic-dia-de-la-pau\/\" title=\"Read FELI\u00c7 DIA DE LA PAU!!!!\">Llegeix m\u00e9s\u00bb<\/a><\/p>\n","protected":false},"author":1,"featured_media":0,"comment_status":"open","ping_status":"open","sticky":false,"template":"","format":"standard","meta":{"_bbp_topic_count":0,"_bbp_reply_count":0,"_bbp_total_topic_count":0,"_bbp_total_reply_count":0,"_bbp_voice_count":0,"_bbp_anonymous_reply_count":0,"_bbp_topic_count_hidden":0,"_bbp_reply_count_hidden":0,"_bbp_forum_subforum_count":0,"footnotes":""},"categories":[73,89,3,8,9],"tags":[],"class_list":["post-199","post","type-post","status-publish","format-standard","hentry","category-activitats-pedagogiques","category-curs-12-13","category-i3","category-i4","category-i5"],"post_mailing_queue_ids":[],"_links":{"self":[{"href":"https:\/\/agora.xtec.cat\/ceipjosepguinovart\/wp-json\/wp\/v2\/posts\/199","targetHints":{"allow":["GET"]}}],"collection":[{"href":"https:\/\/agora.xtec.cat\/ceipjosepguinovart\/wp-json\/wp\/v2\/posts"}],"about":[{"href":"https:\/\/agora.xtec.cat\/ceipjosepguinovart\/wp-json\/wp\/v2\/types\/post"}],"author":[{"embeddable":true,"href":"https:\/\/agora.xtec.cat\/ceipjosepguinovart\/wp-json\/wp\/v2\/users\/1"}],"replies":[{"embeddable":true,"href":"https:\/\/agora.xtec.cat\/ceipjosepguinovart\/wp-json\/wp\/v2\/comments?post=199"}],"version-history":[{"count":1,"href":"https:\/\/agora.xtec.cat\/ceipjosepguinovart\/wp-json\/wp\/v2\/posts\/199\/revisions"}],"predecessor-version":[{"id":1126,"href":"https:\/\/agora.xtec.cat\/ceipjosepguinovart\/wp-json\/wp\/v2\/posts\/199\/revisions\/1126"}],"wp:attachment":[{"href":"https:\/\/agora.xtec.cat\/ceipjosepguinovart\/wp-json\/wp\/v2\/media?parent=199"}],"wp:term":[{"taxonomy":"category","embeddable":true,"href":"https:\/\/agora.xtec.cat\/ceipjosepguinovart\/wp-json\/wp\/v2\/categories?post=199"},{"taxonomy":"post_tag","embeddable":true,"href":"https:\/\/agora.xtec.cat\/ceipjosepguinovart\/wp-json\/wp\/v2\/tags?post=199"}],"curies":[{"name":"wp","href":"https:\/\/api.w.org\/{rel}","templated":true}]}}