{"id":17866,"date":"2026-04-28T09:29:24","date_gmt":"2026-04-28T07:29:24","guid":{"rendered":"https:\/\/agora.xtec.cat\/ceipjoncadella\/?p=17866"},"modified":"2026-04-28T09:29:52","modified_gmt":"2026-04-28T07:29:52","slug":"sortida-camina-descalc-3r","status":"publish","type":"post","link":"https:\/\/agora.xtec.cat\/ceipjoncadella\/cicle-mitja\/3r\/sortida-camina-descalc-3r\/","title":{"rendered":"Sortida Camina Descal\u00e7 3r"},"content":{"rendered":"<p>Ahir les classes dels Correfocs (3r A) i els Castellers (3r B) vam anar prop d&#8217;Arb\u00facies a la Selva d&#8217;Aventures, per gaudir de l&#8217;activitat Camina Descal\u00e7.<\/p>\n<p><a href=\"https:\/\/photos.app.goo.gl\/LPytewk2s9wuFZYSA\"><img loading=\"lazy\" decoding=\"async\" class=\"aligncenter size-full wp-image-17867\" src=\"https:\/\/agora.xtec.cat\/ceipjoncadella\/wp-content\/uploads\/usu1525\/2026\/04\/Camina-Descalc-2026-3r-4.jpeg\" alt=\"\" width=\"2048\" height=\"1536\" srcset=\"https:\/\/agora.xtec.cat\/ceipjoncadella\/wp-content\/uploads\/usu1525\/2026\/04\/Camina-Descalc-2026-3r-4.jpeg 2048w, https:\/\/agora.xtec.cat\/ceipjoncadella\/wp-content\/uploads\/usu1525\/2026\/04\/Camina-Descalc-2026-3r-4-300x225.jpeg 300w, https:\/\/agora.xtec.cat\/ceipjoncadella\/wp-content\/uploads\/usu1525\/2026\/04\/Camina-Descalc-2026-3r-4-1024x768.jpeg 1024w, https:\/\/agora.xtec.cat\/ceipjoncadella\/wp-content\/uploads\/usu1525\/2026\/04\/Camina-Descalc-2026-3r-4-768x576.jpeg 768w, https:\/\/agora.xtec.cat\/ceipjoncadella\/wp-content\/uploads\/usu1525\/2026\/04\/Camina-Descalc-2026-3r-4-1536x1152.jpeg 1536w\" sizes=\"auto, (max-width: 2048px) 100vw, 2048px\" \/><\/a><\/p>\n<p>Va ser tota una experi\u00e8ncia sensorial, en la que vam poder sentir amb els peus la natura per\u00f2 tamb\u00e9 olorar-la, veure les petjades de diferents animals i respirar l&#8217;aire pur del bosc. Una jornada incre\u00efble!<\/p>\n","protected":false},"excerpt":{"rendered":"<p>Ahir les classes dels Correfocs (3r A) i els Castellers (3r B) vam anar prop d&#8217;Arb\u00facies a la Selva d&#8217;Aventures, per gaudir de l&#8217;activitat Camina Descal\u00e7. Va ser tota una experi\u00e8ncia sensorial, en la que vam poder sentir amb els peus la natura per\u00f2 tamb\u00e9 olorar-la, veure les petjades de diferents animals i respirar l&#8217;aire [&hellip;]<\/p>\n","protected":false},"author":32,"featured_media":17867,"comment_status":"open","ping_status":"open","sticky":false,"template":"","format":"standard","meta":{"_bbp_topic_count":0,"_bbp_reply_count":0,"_bbp_total_topic_count":0,"_bbp_total_reply_count":0,"_bbp_voice_count":0,"_bbp_anonymous_reply_count":0,"_bbp_topic_count_hidden":0,"_bbp_reply_count_hidden":0,"_bbp_forum_subforum_count":0,"site-sidebar-layout":"default","site-content-layout":"","ast-site-content-layout":"default","site-content-style":"default","site-sidebar-style":"default","ast-global-header-display":"","ast-banner-title-visibility":"","ast-main-header-display":"","ast-hfb-above-header-display":"","ast-hfb-below-header-display":"","ast-hfb-mobile-header-display":"","site-post-title":"","ast-breadcrumbs-content":"","ast-featured-img":"","footer-sml-layout":"","theme-transparent-header-meta":"default","adv-header-id-meta":"","stick-header-meta":"","header-above-stick-meta":"","header-main-stick-meta":"","header-below-stick-meta":"","astra-migrate-meta-layouts":"set","ast-page-background-enabled":"default","ast-page-background-meta":{"desktop":{"background-color":"var(--ast-global-color-4)","background-image":"","background-repeat":"repeat","background-position":"center center","background-size":"auto","background-attachment":"scroll","background-type":"","background-media":"","overlay-type":"","overlay-color":"","overlay-opacity":"","overlay-gradient":""},"tablet":{"background-color":"","background-image":"","background-repeat":"repeat","background-position":"center center","background-size":"auto","background-attachment":"scroll","background-type":"","background-media":"","overlay-type":"","overlay-color":"","overlay-opacity":"","overlay-gradient":""},"mobile":{"background-color":"","background-image":"","background-repeat":"repeat","background-position":"center center","background-size":"auto","background-attachment":"scroll","background-type":"","background-media":"","overlay-type":"","overlay-color":"","overlay-opacity":"","overlay-gradient":""}},"ast-content-background-meta":{"desktop":{"background-color":"var(--ast-global-color-5)","background-image":"","background-repeat":"repeat","background-position":"center center","background-size":"auto","background-attachment":"scroll","background-type":"","background-media":"","overlay-type":"","overlay-color":"","overlay-opacity":"","overlay-gradient":""},"tablet":{"background-color":"var(--ast-global-color-5)","background-image":"","background-repeat":"repeat","background-position":"center center","background-size":"auto","background-attachment":"scroll","background-type":"","background-media":"","overlay-type":"","overlay-color":"","overlay-opacity":"","overlay-gradient":""},"mobile":{"background-color":"var(--ast-global-color-5)","background-image":"","background-repeat":"repeat","background-position":"center center","background-size":"auto","background-attachment":"scroll","background-type":"","background-media":"","overlay-type":"","overlay-color":"","overlay-opacity":"","overlay-gradient":""}},"footnotes":""},"categories":[78,386],"tags":[371,385],"class_list":["post-17866","post","type-post","status-publish","format-standard","has-post-thumbnail","hentry","category-3r","category-curs-25-26","tag-3r","tag-curs-25-26"],"post_mailing_queue_ids":[],"_links":{"self":[{"href":"https:\/\/agora.xtec.cat\/ceipjoncadella\/wp-json\/wp\/v2\/posts\/17866","targetHints":{"allow":["GET"]}}],"collection":[{"href":"https:\/\/agora.xtec.cat\/ceipjoncadella\/wp-json\/wp\/v2\/posts"}],"about":[{"href":"https:\/\/agora.xtec.cat\/ceipjoncadella\/wp-json\/wp\/v2\/types\/post"}],"author":[{"embeddable":true,"href":"https:\/\/agora.xtec.cat\/ceipjoncadella\/wp-json\/wp\/v2\/users\/32"}],"replies":[{"embeddable":true,"href":"https:\/\/agora.xtec.cat\/ceipjoncadella\/wp-json\/wp\/v2\/comments?post=17866"}],"version-history":[{"count":1,"href":"https:\/\/agora.xtec.cat\/ceipjoncadella\/wp-json\/wp\/v2\/posts\/17866\/revisions"}],"predecessor-version":[{"id":17868,"href":"https:\/\/agora.xtec.cat\/ceipjoncadella\/wp-json\/wp\/v2\/posts\/17866\/revisions\/17868"}],"wp:featuredmedia":[{"embeddable":true,"href":"https:\/\/agora.xtec.cat\/ceipjoncadella\/wp-json\/wp\/v2\/media\/17867"}],"wp:attachment":[{"href":"https:\/\/agora.xtec.cat\/ceipjoncadella\/wp-json\/wp\/v2\/media?parent=17866"}],"wp:term":[{"taxonomy":"category","embeddable":true,"href":"https:\/\/agora.xtec.cat\/ceipjoncadella\/wp-json\/wp\/v2\/categories?post=17866"},{"taxonomy":"post_tag","embeddable":true,"href":"https:\/\/agora.xtec.cat\/ceipjoncadella\/wp-json\/wp\/v2\/tags?post=17866"}],"curies":[{"name":"wp","href":"https:\/\/api.w.org\/{rel}","templated":true}]}}