{"id":5369,"date":"2026-04-22T13:04:30","date_gmt":"2026-04-22T11:04:30","guid":{"rendered":"https:\/\/agora.xtec.cat\/ceipjoansolans\/?p=5369"},"modified":"2026-04-24T14:56:07","modified_gmt":"2026-04-24T12:56:07","slug":"piet-mondrian-a-3r","status":"publish","type":"post","link":"https:\/\/agora.xtec.cat\/ceipjoansolans\/general\/piet-mondrian-a-3r\/","title":{"rendered":"Piet Mondrian a 3r"},"content":{"rendered":"<p>Durant els mesos del segon trimestre el grup de 3r de prim\u00e0ria ha realitzat un projecte de pl\u00e0stica al voltant de l\u2019artista Piet Mondrian.<\/p>\n<p><img loading=\"lazy\" decoding=\"async\" class=\" wp-image-5376 alignright\" src=\"https:\/\/agora.xtec.cat\/ceipjoansolans\/wp-content\/uploads\/usu497\/2026\/04\/WhatsApp-Image-2026-04-22-at-11.28.34-1-300x288.jpeg\" alt=\"\" width=\"209\" height=\"201\" srcset=\"https:\/\/agora.xtec.cat\/ceipjoansolans\/wp-content\/uploads\/usu497\/2026\/04\/WhatsApp-Image-2026-04-22-at-11.28.34-1-300x288.jpeg 300w, https:\/\/agora.xtec.cat\/ceipjoansolans\/wp-content\/uploads\/usu497\/2026\/04\/WhatsApp-Image-2026-04-22-at-11.28.34-1-1024x982.jpeg 1024w, https:\/\/agora.xtec.cat\/ceipjoansolans\/wp-content\/uploads\/usu497\/2026\/04\/WhatsApp-Image-2026-04-22-at-11.28.34-1-768x736.jpeg 768w, https:\/\/agora.xtec.cat\/ceipjoansolans\/wp-content\/uploads\/usu497\/2026\/04\/WhatsApp-Image-2026-04-22-at-11.28.34-1.jpeg 1521w\" sizes=\"auto, (max-width: 209px) 100vw, 209px\" \/><\/p>\n<p>En primer lloc, els alumnes han conegut el seu estil art\u00edstic, basat en l\u2019\u00fas de l\u00ednies rectes i formes geom\u00e8triques, especialment els quadrats i rectangles. A partir d\u2019aqu\u00ed, han experimentat amb els colors primaris \u2014blau, vermell i groc\u2014 combinats amb el blanc i el negre, tal com feia l\u2019artista en les seves obres.<\/p>\n<p>Per posar en pr\u00e0ctica aquest estil tan caracter\u00edstic, per una banda, han creat diferents composicions en pla, elaborant dibuixos inspirats en aquest estil tan caracter\u00edstic. Han apr\u00e8s a organitzar l\u2019espai, a distribuir formes i colors i a observar com, amb elements senzills, es poden aconseguir resultats molt visuals i equilibrats.<\/p>\n<p><img loading=\"lazy\" decoding=\"async\" class=\"size-medium wp-image-5374 alignleft\" src=\"https:\/\/agora.xtec.cat\/ceipjoansolans\/wp-content\/uploads\/usu497\/2026\/04\/WhatsApp-Image-2026-04-22-at-12.49.33-300x135.jpeg\" alt=\"\" width=\"300\" height=\"135\" srcset=\"https:\/\/agora.xtec.cat\/ceipjoansolans\/wp-content\/uploads\/usu497\/2026\/04\/WhatsApp-Image-2026-04-22-at-12.49.33-300x135.jpeg 300w, https:\/\/agora.xtec.cat\/ceipjoansolans\/wp-content\/uploads\/usu497\/2026\/04\/WhatsApp-Image-2026-04-22-at-12.49.33-1024x461.jpeg 1024w, https:\/\/agora.xtec.cat\/ceipjoansolans\/wp-content\/uploads\/usu497\/2026\/04\/WhatsApp-Image-2026-04-22-at-12.49.33-768x346.jpeg 768w, https:\/\/agora.xtec.cat\/ceipjoansolans\/wp-content\/uploads\/usu497\/2026\/04\/WhatsApp-Image-2026-04-22-at-12.49.33-1536x691.jpeg 1536w, https:\/\/agora.xtec.cat\/ceipjoansolans\/wp-content\/uploads\/usu497\/2026\/04\/WhatsApp-Image-2026-04-22-at-12.49.33.jpeg 1600w\" sizes=\"auto, (max-width: 300px) 100vw, 300px\" \/><\/p>\n<p>Per l&#8217;altra banda, el projecte tamb\u00e9 ha incl\u00f2s una part m\u00e9s manipulativa i creativa: els alumnes han treballat en la construcci\u00f3 d\u2019una escultura, traslladant les idees de Mondrian del paper a un format tridimensional.<\/p>\n<p><img loading=\"lazy\" decoding=\"async\" class=\"wp-image-5375 alignright\" src=\"https:\/\/agora.xtec.cat\/ceipjoansolans\/wp-content\/uploads\/usu497\/2026\/04\/WhatsApp-Image-2026-04-22-at-12.49.34-300x135.jpeg\" alt=\"\" width=\"278\" height=\"125\" srcset=\"https:\/\/agora.xtec.cat\/ceipjoansolans\/wp-content\/uploads\/usu497\/2026\/04\/WhatsApp-Image-2026-04-22-at-12.49.34-300x135.jpeg 300w, https:\/\/agora.xtec.cat\/ceipjoansolans\/wp-content\/uploads\/usu497\/2026\/04\/WhatsApp-Image-2026-04-22-at-12.49.34-1024x461.jpeg 1024w, https:\/\/agora.xtec.cat\/ceipjoansolans\/wp-content\/uploads\/usu497\/2026\/04\/WhatsApp-Image-2026-04-22-at-12.49.34-768x346.jpeg 768w, https:\/\/agora.xtec.cat\/ceipjoansolans\/wp-content\/uploads\/usu497\/2026\/04\/WhatsApp-Image-2026-04-22-at-12.49.34-1536x691.jpeg 1536w, https:\/\/agora.xtec.cat\/ceipjoansolans\/wp-content\/uploads\/usu497\/2026\/04\/WhatsApp-Image-2026-04-22-at-12.49.34.jpeg 1600w\" sizes=\"auto, (max-width: 278px) 100vw, 278px\" \/><span style=\"font-family: inherit; font-size: 1em;\">El resultat ha estat molt enriquidor i ple de creativitat. Us animem a venir a veure les seves obres! Qu\u00e8 us sembla aquest estil art\u00edstic? Us atrevir\u00edeu a crear una obra com les de Mondrian?<\/span><\/p>\n<p>&nbsp;<\/p>\n","protected":false},"excerpt":{"rendered":"<p>Durant els mesos del segon trimestre el grup de 3r de prim\u00e0ria ha realitzat un projecte de pl\u00e0stica al voltant de l\u2019artista Piet Mondrian.<\/p>\n<p>En primer lloc, els alumnes han conegut el seu estil art\u00edstic, basat en l\u2019\u00fas de l\u00ednies rectes i formes geom\u00e8triques, especialment els&hellip;  <a href=\"https:\/\/agora.xtec.cat\/ceipjoansolans\/general\/piet-mondrian-a-3r\/\" title=\"Read Piet Mondrian a 3r\">Llegeix m\u00e9s\u00bb<\/a><\/p>\n","protected":false},"author":1,"featured_media":0,"comment_status":"open","ping_status":"open","sticky":false,"template":"","format":"standard","meta":{"_bbp_topic_count":0,"_bbp_reply_count":0,"_bbp_total_topic_count":0,"_bbp_total_reply_count":0,"_bbp_voice_count":0,"_bbp_anonymous_reply_count":0,"_bbp_topic_count_hidden":0,"_bbp_reply_count_hidden":0,"_bbp_forum_subforum_count":0,"footnotes":""},"categories":[1,4,5],"tags":[38,131,42],"class_list":["post-5369","post","type-post","status-publish","format-standard","hentry","category-general","category-portada","category-primaria","tag-activitats","tag-escola-joan-solans","tag-granollers"],"post_mailing_queue_ids":[],"_links":{"self":[{"href":"https:\/\/agora.xtec.cat\/ceipjoansolans\/wp-json\/wp\/v2\/posts\/5369","targetHints":{"allow":["GET"]}}],"collection":[{"href":"https:\/\/agora.xtec.cat\/ceipjoansolans\/wp-json\/wp\/v2\/posts"}],"about":[{"href":"https:\/\/agora.xtec.cat\/ceipjoansolans\/wp-json\/wp\/v2\/types\/post"}],"author":[{"embeddable":true,"href":"https:\/\/agora.xtec.cat\/ceipjoansolans\/wp-json\/wp\/v2\/users\/1"}],"replies":[{"embeddable":true,"href":"https:\/\/agora.xtec.cat\/ceipjoansolans\/wp-json\/wp\/v2\/comments?post=5369"}],"version-history":[{"count":4,"href":"https:\/\/agora.xtec.cat\/ceipjoansolans\/wp-json\/wp\/v2\/posts\/5369\/revisions"}],"predecessor-version":[{"id":5512,"href":"https:\/\/agora.xtec.cat\/ceipjoansolans\/wp-json\/wp\/v2\/posts\/5369\/revisions\/5512"}],"wp:attachment":[{"href":"https:\/\/agora.xtec.cat\/ceipjoansolans\/wp-json\/wp\/v2\/media?parent=5369"}],"wp:term":[{"taxonomy":"category","embeddable":true,"href":"https:\/\/agora.xtec.cat\/ceipjoansolans\/wp-json\/wp\/v2\/categories?post=5369"},{"taxonomy":"post_tag","embeddable":true,"href":"https:\/\/agora.xtec.cat\/ceipjoansolans\/wp-json\/wp\/v2\/tags?post=5369"}],"curies":[{"name":"wp","href":"https:\/\/api.w.org\/{rel}","templated":true}]}}