{"id":5368,"date":"2026-04-24T13:26:31","date_gmt":"2026-04-24T11:26:31","guid":{"rendered":"https:\/\/agora.xtec.cat\/ceipjoansolans\/?p=5368"},"modified":"2026-04-24T13:49:52","modified_gmt":"2026-04-24T11:49:52","slug":"un-sant-jordi-mes-al-joan-solans","status":"publish","type":"post","link":"https:\/\/agora.xtec.cat\/ceipjoansolans\/general\/un-sant-jordi-mes-al-joan-solans\/","title":{"rendered":"Un Sant Jordi m\u00e9s al Joan Solans!"},"content":{"rendered":"<p><img loading=\"lazy\" decoding=\"async\" class=\" wp-image-5485 alignright\" src=\"https:\/\/agora.xtec.cat\/ceipjoansolans\/wp-content\/uploads\/usu497\/2026\/04\/IMG-20260423-WA0017-1-300x225.jpg\" alt=\"\" width=\"257\" height=\"193\" srcset=\"https:\/\/agora.xtec.cat\/ceipjoansolans\/wp-content\/uploads\/usu497\/2026\/04\/IMG-20260423-WA0017-1-300x225.jpg 300w, https:\/\/agora.xtec.cat\/ceipjoansolans\/wp-content\/uploads\/usu497\/2026\/04\/IMG-20260423-WA0017-1-1024x768.jpg 1024w, https:\/\/agora.xtec.cat\/ceipjoansolans\/wp-content\/uploads\/usu497\/2026\/04\/IMG-20260423-WA0017-1-768x576.jpg 768w, https:\/\/agora.xtec.cat\/ceipjoansolans\/wp-content\/uploads\/usu497\/2026\/04\/IMG-20260423-WA0017-1-1536x1152.jpg 1536w, https:\/\/agora.xtec.cat\/ceipjoansolans\/wp-content\/uploads\/usu497\/2026\/04\/IMG-20260423-WA0017-1-200x150.jpg 200w, https:\/\/agora.xtec.cat\/ceipjoansolans\/wp-content\/uploads\/usu497\/2026\/04\/IMG-20260423-WA0017-1.jpg 2000w\" sizes=\"auto, (max-width: 257px) 100vw, 257px\" \/><\/p>\n<p>Al llarg de la setmana els alumnes de l&#8217;escola han fet diferents activitats relacionades amb la festa tradicional de Sant Jordi. Han treballat en l&#8217;elaboraci\u00f3 dels diferents textos, a cada curs li ha tocat un de diferent. S&#8217;han fet: rodolins, acr\u00f2stics, cal\u00b7ligrames, llegendes, c\u00f2mics i textos instructius de jocs de taula. Tamb\u00e9 han realitzat treballs pl\u00e0stics de decoraci\u00f3 i tallers varis relacionats amb la llegenda. Ha estat una setmana intensa i molt especial amb passejades pel centre de Granollers visitant les paradetes de llibres i roses, feia molt goig veure la ciutat guarnida!<\/p>\n<p><img loading=\"lazy\" decoding=\"async\" class=\" wp-image-5486 alignleft\" src=\"https:\/\/agora.xtec.cat\/ceipjoansolans\/wp-content\/uploads\/usu497\/2026\/04\/IMG-20260423-WA0020-1-300x225.jpg\" alt=\"\" width=\"253\" height=\"190\" srcset=\"https:\/\/agora.xtec.cat\/ceipjoansolans\/wp-content\/uploads\/usu497\/2026\/04\/IMG-20260423-WA0020-1-300x225.jpg 300w, https:\/\/agora.xtec.cat\/ceipjoansolans\/wp-content\/uploads\/usu497\/2026\/04\/IMG-20260423-WA0020-1-1024x768.jpg 1024w, https:\/\/agora.xtec.cat\/ceipjoansolans\/wp-content\/uploads\/usu497\/2026\/04\/IMG-20260423-WA0020-1-768x576.jpg 768w, https:\/\/agora.xtec.cat\/ceipjoansolans\/wp-content\/uploads\/usu497\/2026\/04\/IMG-20260423-WA0020-1-1536x1152.jpg 1536w, https:\/\/agora.xtec.cat\/ceipjoansolans\/wp-content\/uploads\/usu497\/2026\/04\/IMG-20260423-WA0020-1-200x150.jpg 200w, https:\/\/agora.xtec.cat\/ceipjoansolans\/wp-content\/uploads\/usu497\/2026\/04\/IMG-20260423-WA0020-1.jpg 1600w\" sizes=\"auto, (max-width: 253px) 100vw, 253px\" \/><\/p>\n<p>Com cada any, el dia 23 d&#8217;abril, ens hem reunit al pati per fer la nostra particular festa amb un emotiu certamen, composat\u00a0 d&#8217;un concurs literari i un concurs de dibuix. Els mestres tamb\u00e9 han fet la seva petita aportaci\u00f3 amb el concurs de punts de llibres. Ha estat molt enriquidor i hem gaudit molt d&#8217;aquest dia tan especial!<\/p>\n<p><img loading=\"lazy\" decoding=\"async\" class=\"wp-image-5501 aligncenter\" src=\"https:\/\/agora.xtec.cat\/ceipjoansolans\/wp-content\/uploads\/usu497\/2026\/04\/IMG_20260423_123300-scaled-e1777019584551-300x198.jpg\" alt=\"\" width=\"226\" height=\"149\" srcset=\"https:\/\/agora.xtec.cat\/ceipjoansolans\/wp-content\/uploads\/usu497\/2026\/04\/IMG_20260423_123300-scaled-e1777019584551-300x198.jpg 300w, https:\/\/agora.xtec.cat\/ceipjoansolans\/wp-content\/uploads\/usu497\/2026\/04\/IMG_20260423_123300-scaled-e1777019584551-1024x675.jpg 1024w, https:\/\/agora.xtec.cat\/ceipjoansolans\/wp-content\/uploads\/usu497\/2026\/04\/IMG_20260423_123300-scaled-e1777019584551-768x507.jpg 768w, https:\/\/agora.xtec.cat\/ceipjoansolans\/wp-content\/uploads\/usu497\/2026\/04\/IMG_20260423_123300-scaled-e1777019584551-1536x1013.jpg 1536w, https:\/\/agora.xtec.cat\/ceipjoansolans\/wp-content\/uploads\/usu497\/2026\/04\/IMG_20260423_123300-scaled-e1777019584551.jpg 2030w\" sizes=\"auto, (max-width: 226px) 100vw, 226px\" \/><\/p>\n<p style=\"text-align: center;\"><a href=\"https:\/\/drive.google.com\/drive\/folders\/1p3joyFm8vViMPo6Lzy_21yQCLZ0YChOE?usp=sharing\" target=\"_blank\" rel=\"noopener\">FOTOS SANT JORDI 2026<\/a><\/p>\n","protected":false},"excerpt":{"rendered":"<p>Al llarg de la setmana els alumnes de l&#8217;escola han fet diferents activitats relacionades amb la festa tradicional de Sant Jordi. Han treballat en l&#8217;elaboraci\u00f3 dels diferents textos, a cada curs li ha tocat un de diferent. S&#8217;han fet: rodolins, acr\u00f2stics, cal\u00b7ligrames, llegendes, c\u00f2mics i&hellip;  <a href=\"https:\/\/agora.xtec.cat\/ceipjoansolans\/general\/un-sant-jordi-mes-al-joan-solans\/\" title=\"Read Un Sant Jordi m\u00e9s al Joan Solans!\">Llegeix m\u00e9s\u00bb<\/a><\/p>\n","protected":false},"author":1,"featured_media":5495,"comment_status":"open","ping_status":"open","sticky":false,"template":"","format":"standard","meta":{"_bbp_topic_count":0,"_bbp_reply_count":0,"_bbp_total_topic_count":0,"_bbp_total_reply_count":0,"_bbp_voice_count":0,"_bbp_anonymous_reply_count":0,"_bbp_topic_count_hidden":0,"_bbp_reply_count_hidden":0,"_bbp_forum_subforum_count":0,"footnotes":""},"categories":[14,26,1,3,8,117,4,10,13,11,15,12],"tags":[],"class_list":["post-5368","post","type-post","status-publish","format-standard","has-post-thumbnail","hentry","category-5e","category-festes","category-general","category-p3","category-p4","category-p5","category-portada","category-1r","category-4t","category-2n","category-6e","category-3r"],"post_mailing_queue_ids":[],"_links":{"self":[{"href":"https:\/\/agora.xtec.cat\/ceipjoansolans\/wp-json\/wp\/v2\/posts\/5368","targetHints":{"allow":["GET"]}}],"collection":[{"href":"https:\/\/agora.xtec.cat\/ceipjoansolans\/wp-json\/wp\/v2\/posts"}],"about":[{"href":"https:\/\/agora.xtec.cat\/ceipjoansolans\/wp-json\/wp\/v2\/types\/post"}],"author":[{"embeddable":true,"href":"https:\/\/agora.xtec.cat\/ceipjoansolans\/wp-json\/wp\/v2\/users\/1"}],"replies":[{"embeddable":true,"href":"https:\/\/agora.xtec.cat\/ceipjoansolans\/wp-json\/wp\/v2\/comments?post=5368"}],"version-history":[{"count":6,"href":"https:\/\/agora.xtec.cat\/ceipjoansolans\/wp-json\/wp\/v2\/posts\/5368\/revisions"}],"predecessor-version":[{"id":5508,"href":"https:\/\/agora.xtec.cat\/ceipjoansolans\/wp-json\/wp\/v2\/posts\/5368\/revisions\/5508"}],"wp:featuredmedia":[{"embeddable":true,"href":"https:\/\/agora.xtec.cat\/ceipjoansolans\/wp-json\/wp\/v2\/media\/5495"}],"wp:attachment":[{"href":"https:\/\/agora.xtec.cat\/ceipjoansolans\/wp-json\/wp\/v2\/media?parent=5368"}],"wp:term":[{"taxonomy":"category","embeddable":true,"href":"https:\/\/agora.xtec.cat\/ceipjoansolans\/wp-json\/wp\/v2\/categories?post=5368"},{"taxonomy":"post_tag","embeddable":true,"href":"https:\/\/agora.xtec.cat\/ceipjoansolans\/wp-json\/wp\/v2\/tags?post=5368"}],"curies":[{"name":"wp","href":"https:\/\/api.w.org\/{rel}","templated":true}]}}