{"id":5323,"date":"2026-02-19T22:14:59","date_gmt":"2026-02-19T21:14:59","guid":{"rendered":"https:\/\/agora.xtec.cat\/ceipjoansolans\/?p=5323"},"modified":"2026-02-19T22:14:59","modified_gmt":"2026-02-19T21:14:59","slug":"erasmus-la-filastrocca-un-espai-per-creixer-amb-calma","status":"publish","type":"post","link":"https:\/\/agora.xtec.cat\/ceipjoansolans\/infantil\/erasmus-la-filastrocca-un-espai-per-creixer-amb-calma\/","title":{"rendered":"Erasmus: LA FILASTROCCA UN ESPAI PER CR\u00c8IXER AMB CALMA."},"content":{"rendered":"<p data-start=\"148\" data-end=\"528\">A la filastroca es concep l\u2019aprenentatge com un proc\u00e9s respectu\u00f3s amb els ritmes i les necessitats de cada infant. Es dona una especial import\u00e0ncia als <strong data-start=\"300\" data-end=\"310\">espais<\/strong>, que estan preparats amb intenci\u00f3 pedag\u00f2gica, pensats per ser acollidors, ordenats i plens de possibilitats. Cada rac\u00f3 convida a explorar, imaginar, manipular i compartir, afavorint l\u2019autonomia i la iniciativa pr\u00f2pia.<\/p>\n<p data-start=\"530\" data-end=\"895\">El <strong data-start=\"533\" data-end=\"551\">temps en calma<\/strong> \u00e9s un element essencial del dia a dia. En un entorn sovint accelerat, es prioritzen moments sense presses, on els infants poden observar, provar, equivocar-se i tornar-ho a intentar. El silenci, la conversa pausada i l\u2019escolta activa formen part de la quotidianitat, ja que \u00e9s en aquesta calma on sorgeixen els aprenentatges m\u00e9s significatius.<\/p>\n<p data-start=\"897\" data-end=\"1249\">La <strong data-start=\"900\" data-end=\"910\">natura<\/strong> ocupa tamb\u00e9 un lloc central. El contacte amb l\u2019entorn natural, l\u2019observaci\u00f3 dels canvis de les estacions, la manipulaci\u00f3 d\u2019elements naturals i les experi\u00e8ncies a l\u2019aire lliure ofereixen est\u00edmuls reals i viv\u00e8ncies sensorials riques. Aquest vincle amb la natura afavoreix la curiositat, el respecte i la connexi\u00f3 amb el m\u00f3n que els envolta.<\/p>\n<p data-start=\"1251\" data-end=\"1590\">En aquest marc, la <strong data-start=\"1270\" data-end=\"1308\">preescriptura passa a un segon pla<\/strong>. Es respecta el moment maduratiu de cada infant, entenent que abans d\u2019iniciar el tra\u00e7 cal haver manipulat, experimentat i desenvolupat la motricitat fina a trav\u00e9s del joc i la descoberta. L\u2019aprenentatge de l\u2019escriptura arribar\u00e0 de manera natural, quan cada infant estigui preparat.<\/p>\n<p data-start=\"1592\" data-end=\"1781\">A la filastrocca es prioritzen la viv\u00e8ncia, la curiositat i el benestar emocional, conscients que \u00e9s des d\u2019aquesta base que es construeixen els fonaments s\u00f2lids per als aprenentatges futurs.<\/p>\n<p data-start=\"1592\" data-end=\"1781\"><img loading=\"lazy\" decoding=\"async\" class=\"aligncenter size-large wp-image-5324\" src=\"https:\/\/agora.xtec.cat\/ceipjoansolans\/wp-content\/uploads\/usu497\/2026\/02\/IMG20260217161321-1024x461.jpg\" alt=\"\" width=\"1024\" height=\"461\" srcset=\"https:\/\/agora.xtec.cat\/ceipjoansolans\/wp-content\/uploads\/usu497\/2026\/02\/IMG20260217161321-1024x461.jpg 1024w, https:\/\/agora.xtec.cat\/ceipjoansolans\/wp-content\/uploads\/usu497\/2026\/02\/IMG20260217161321-300x135.jpg 300w, https:\/\/agora.xtec.cat\/ceipjoansolans\/wp-content\/uploads\/usu497\/2026\/02\/IMG20260217161321-768x346.jpg 768w, https:\/\/agora.xtec.cat\/ceipjoansolans\/wp-content\/uploads\/usu497\/2026\/02\/IMG20260217161321-1536x691.jpg 1536w, https:\/\/agora.xtec.cat\/ceipjoansolans\/wp-content\/uploads\/usu497\/2026\/02\/IMG20260217161321-2048x922.jpg 2048w\" sizes=\"auto, (max-width: 1024px) 100vw, 1024px\" \/><\/p>\n","protected":false},"excerpt":{"rendered":"<p>A la filastroca es concep l\u2019aprenentatge com un proc\u00e9s respectu\u00f3s amb els ritmes i les necessitats de cada infant. Es dona una especial import\u00e0ncia als espais, que estan preparats amb intenci\u00f3 pedag\u00f2gica, pensats per ser acollidors, ordenats i plens de possibilitats. Cada rac\u00f3 convida a&hellip;  <a href=\"https:\/\/agora.xtec.cat\/ceipjoansolans\/infantil\/erasmus-la-filastrocca-un-espai-per-creixer-amb-calma\/\" title=\"Read Erasmus: LA FILASTROCCA UN ESPAI PER CR\u00c8IXER AMB CALMA.\">Llegeix m\u00e9s\u00bb<\/a><\/p>\n","protected":false},"author":1,"featured_media":5324,"comment_status":"open","ping_status":"open","sticky":false,"template":"","format":"standard","meta":{"_bbp_topic_count":0,"_bbp_reply_count":0,"_bbp_total_topic_count":0,"_bbp_total_reply_count":0,"_bbp_voice_count":0,"_bbp_anonymous_reply_count":0,"_bbp_topic_count_hidden":0,"_bbp_reply_count_hidden":0,"_bbp_forum_subforum_count":0,"footnotes":""},"categories":[142,143,2,4],"tags":[38],"class_list":["post-5323","post","type-post","status-publish","format-standard","has-post-thumbnail","hentry","category-erasmus-erasmus","category-geeral","category-infantil","category-portada","tag-activitats"],"post_mailing_queue_ids":[],"_links":{"self":[{"href":"https:\/\/agora.xtec.cat\/ceipjoansolans\/wp-json\/wp\/v2\/posts\/5323","targetHints":{"allow":["GET"]}}],"collection":[{"href":"https:\/\/agora.xtec.cat\/ceipjoansolans\/wp-json\/wp\/v2\/posts"}],"about":[{"href":"https:\/\/agora.xtec.cat\/ceipjoansolans\/wp-json\/wp\/v2\/types\/post"}],"author":[{"embeddable":true,"href":"https:\/\/agora.xtec.cat\/ceipjoansolans\/wp-json\/wp\/v2\/users\/1"}],"replies":[{"embeddable":true,"href":"https:\/\/agora.xtec.cat\/ceipjoansolans\/wp-json\/wp\/v2\/comments?post=5323"}],"version-history":[{"count":1,"href":"https:\/\/agora.xtec.cat\/ceipjoansolans\/wp-json\/wp\/v2\/posts\/5323\/revisions"}],"predecessor-version":[{"id":5325,"href":"https:\/\/agora.xtec.cat\/ceipjoansolans\/wp-json\/wp\/v2\/posts\/5323\/revisions\/5325"}],"wp:featuredmedia":[{"embeddable":true,"href":"https:\/\/agora.xtec.cat\/ceipjoansolans\/wp-json\/wp\/v2\/media\/5324"}],"wp:attachment":[{"href":"https:\/\/agora.xtec.cat\/ceipjoansolans\/wp-json\/wp\/v2\/media?parent=5323"}],"wp:term":[{"taxonomy":"category","embeddable":true,"href":"https:\/\/agora.xtec.cat\/ceipjoansolans\/wp-json\/wp\/v2\/categories?post=5323"},{"taxonomy":"post_tag","embeddable":true,"href":"https:\/\/agora.xtec.cat\/ceipjoansolans\/wp-json\/wp\/v2\/tags?post=5323"}],"curies":[{"name":"wp","href":"https:\/\/api.w.org\/{rel}","templated":true}]}}