{"id":4211,"date":"2023-04-14T22:02:36","date_gmt":"2023-04-14T20:02:36","guid":{"rendered":"https:\/\/agora.xtec.cat\/ceipjoansolans\/?p=4211"},"modified":"2023-04-14T22:03:13","modified_gmt":"2023-04-14T20:03:13","slug":"aprenent-la-reproduccio-humana","status":"publish","type":"post","link":"https:\/\/agora.xtec.cat\/ceipjoansolans\/portada\/aprenent-la-reproduccio-humana\/","title":{"rendered":"APRENENT LA REPRODUCCI\u00d3 HUMANA"},"content":{"rendered":"<p style=\"text-align: center;\"><span style=\"font-family: inherit; font-size: 1em;\">Aquest segon trimestre, l&#8217;alumnat de 5\u00e8 ha estat treballant la reproducci\u00f3 humana: les parts i el funcionament de l&#8217;aparell reproductor femen\u00ed i mascul\u00ed, el proc\u00e9s de fecundaci\u00f3 i el proc\u00e9s de gestaci\u00f3. Amb tot plegat, han apr\u00e8s com el nostre cos canvia amb el pas dels anys, els canvis hormonals i f\u00edsics que apareixen tant en el cos femen\u00ed com al mascul\u00ed i com actuar amb l&#8217;arribada de la menstruaci\u00f3.<\/span><\/p>\n<p>Per concloure la situaci\u00f3 d&#8217;aprenentatge, l&#8217;alumnat de 5\u00e8 ha compartit els coneixements apresos amb les nenes i els nens de 6\u00e8 A. Per fer-ho, s&#8217;han agrupat en equips de treball i han preparat: una exposici\u00f3 oral i un mural amb plastilina; dels diferents temes treballats.<\/p>\n<p>En general, ha estat un tema d&#8217;all\u00f2 m\u00e9s interessant i significatiu. A m\u00e9s, l&#8217;activitat final ha estat molt enriquidora per ambdues classes.<\/p>\n<p>Us convidem a que veieu tot l&#8217;aprenentatge adquirit.<\/p>\n<p><a href=\"https:\/\/photos.app.goo.gl\/xUNxV3vqY6owCXmY9\"><img loading=\"lazy\" decoding=\"async\" class=\"aligncenter size-medium wp-image-4215\" src=\"https:\/\/agora.xtec.cat\/ceipjoansolans\/wp-content\/uploads\/usu497\/2023\/04\/Screenshot_20230414_215453-295x300.jpg\" alt=\"\" width=\"295\" height=\"300\" srcset=\"https:\/\/agora.xtec.cat\/ceipjoansolans\/wp-content\/uploads\/usu497\/2023\/04\/Screenshot_20230414_215453-295x300.jpg 295w, https:\/\/agora.xtec.cat\/ceipjoansolans\/wp-content\/uploads\/usu497\/2023\/04\/Screenshot_20230414_215453-1007x1024.jpg 1007w, https:\/\/agora.xtec.cat\/ceipjoansolans\/wp-content\/uploads\/usu497\/2023\/04\/Screenshot_20230414_215453-768x781.jpg 768w, https:\/\/agora.xtec.cat\/ceipjoansolans\/wp-content\/uploads\/usu497\/2023\/04\/Screenshot_20230414_215453.jpg 1080w\" sizes=\"auto, (max-width: 295px) 100vw, 295px\" \/><\/a><\/p>\n<p><a href=\"https:\/\/photos.app.goo.gl\/xUNxV3vqY6owCXmY9\">Cliqueu a la imatge<\/a><\/p>\n<p>&nbsp;<\/p>\n","protected":false},"excerpt":{"rendered":"<p>Aquest segon trimestre, l&#8217;alumnat de 5\u00e8 ha estat treballant la reproducci\u00f3 humana: les parts i el funcionament de l&#8217;aparell reproductor femen\u00ed i mascul\u00ed, el proc\u00e9s de fecundaci\u00f3 i el proc\u00e9s de gestaci\u00f3. Amb tot plegat, han apr\u00e8s com el nostre cos canvia amb el pas&hellip;  <a href=\"https:\/\/agora.xtec.cat\/ceipjoansolans\/portada\/aprenent-la-reproduccio-humana\/\" title=\"Read APRENENT LA REPRODUCCI\u00d3 HUMANA\">Llegeix m\u00e9s\u00bb<\/a><\/p>\n","protected":false},"author":1,"featured_media":4215,"comment_status":"open","ping_status":"closed","sticky":false,"template":"","format":"standard","meta":{"_bbp_topic_count":0,"_bbp_reply_count":0,"_bbp_total_topic_count":0,"_bbp_total_reply_count":0,"_bbp_voice_count":0,"_bbp_anonymous_reply_count":0,"_bbp_topic_count_hidden":0,"_bbp_reply_count_hidden":0,"_bbp_forum_subforum_count":0,"footnotes":""},"categories":[121,24,14,4,5],"tags":[],"class_list":["post-4211","post","type-post","status-publish","format-standard","has-post-thumbnail","hentry","category-art-visual-i-plastica","category-cicle-superior","category-5e","category-portada","category-primaria"],"post_mailing_queue_ids":[],"_links":{"self":[{"href":"https:\/\/agora.xtec.cat\/ceipjoansolans\/wp-json\/wp\/v2\/posts\/4211","targetHints":{"allow":["GET"]}}],"collection":[{"href":"https:\/\/agora.xtec.cat\/ceipjoansolans\/wp-json\/wp\/v2\/posts"}],"about":[{"href":"https:\/\/agora.xtec.cat\/ceipjoansolans\/wp-json\/wp\/v2\/types\/post"}],"author":[{"embeddable":true,"href":"https:\/\/agora.xtec.cat\/ceipjoansolans\/wp-json\/wp\/v2\/users\/1"}],"replies":[{"embeddable":true,"href":"https:\/\/agora.xtec.cat\/ceipjoansolans\/wp-json\/wp\/v2\/comments?post=4211"}],"version-history":[{"count":3,"href":"https:\/\/agora.xtec.cat\/ceipjoansolans\/wp-json\/wp\/v2\/posts\/4211\/revisions"}],"predecessor-version":[{"id":4219,"href":"https:\/\/agora.xtec.cat\/ceipjoansolans\/wp-json\/wp\/v2\/posts\/4211\/revisions\/4219"}],"wp:featuredmedia":[{"embeddable":true,"href":"https:\/\/agora.xtec.cat\/ceipjoansolans\/wp-json\/wp\/v2\/media\/4215"}],"wp:attachment":[{"href":"https:\/\/agora.xtec.cat\/ceipjoansolans\/wp-json\/wp\/v2\/media?parent=4211"}],"wp:term":[{"taxonomy":"category","embeddable":true,"href":"https:\/\/agora.xtec.cat\/ceipjoansolans\/wp-json\/wp\/v2\/categories?post=4211"},{"taxonomy":"post_tag","embeddable":true,"href":"https:\/\/agora.xtec.cat\/ceipjoansolans\/wp-json\/wp\/v2\/tags?post=4211"}],"curies":[{"name":"wp","href":"https:\/\/api.w.org\/{rel}","templated":true}]}}