{"id":8464,"date":"2022-12-12T21:10:06","date_gmt":"2022-12-12T20:10:06","guid":{"rendered":"https:\/\/agora.xtec.cat\/ceipjoansanpera\/?p=8464"},"modified":"2023-01-18T19:37:59","modified_gmt":"2023-01-18T18:37:59","slug":"ja-tenim-logo-del-projecte-s-p-l-a-s-h","status":"publish","type":"post","link":"https:\/\/agora.xtec.cat\/ceipjoansanpera\/general\/ja-tenim-logo-del-projecte-s-p-l-a-s-h\/","title":{"rendered":"Ja tenim logo del projecte S.P.L.A.S.H.!"},"content":{"rendered":"<p>Gr\u00e0cies a totes les fam\u00edlies que heu participat en el proc\u00e9s d&#8217;elecci\u00f3 del logo del projecte <strong><span style=\"color: #0000ff\">S.P.L.A.S.H.<\/span><\/strong>!<\/p>\n<p>Ja tenim els resultats de com ha anat&#8230;.\u00a0<a href=\"https:\/\/agora.xtec.cat\/ceipjoansanpera\/wp-content\/uploads\/usu1583\/2022\/12\/Captura-de-pantalla-2022-12-12-185823.png\"><img loading=\"lazy\" decoding=\"async\" class=\" wp-image-8466 aligncenter\" src=\"https:\/\/agora.xtec.cat\/ceipjoansanpera\/wp-content\/uploads\/usu1583\/2022\/12\/Captura-de-pantalla-2022-12-12-185823.png\" alt=\"\" width=\"462\" height=\"275\" srcset=\"https:\/\/agora.xtec.cat\/ceipjoansanpera\/wp-content\/uploads\/usu1583\/2022\/12\/Captura-de-pantalla-2022-12-12-185823.png 553w, https:\/\/agora.xtec.cat\/ceipjoansanpera\/wp-content\/uploads\/usu1583\/2022\/12\/Captura-de-pantalla-2022-12-12-185823-300x178.png 300w\" sizes=\"auto, (max-width: 462px) 100vw, 462px\" \/><\/a><\/p>\n<p>Volem agrair a tot l&#8217;alumnat de 5\u00e8 per haver participat en les propostes del logo. Finalment, el logo guanyador ha estat el <em>n\u00famero 6, <\/em>d&#8217;un dels alumnes de 5\u00e8 de la nostra escola (Kiara Ben-Hamman).<\/p>\n<p>Aquest \u00e9s el <strong>logo del projecte <span style=\"color: #0000ff\">S.P.L.A.S.H<\/span>.<\/strong>:<a href=\"https:\/\/agora.xtec.cat\/ceipjoansanpera\/wp-content\/uploads\/usu1583\/2022\/12\/LOGO-SPLASH.png\"><img loading=\"lazy\" decoding=\"async\" class=\"wp-image-8467 aligncenter\" src=\"https:\/\/agora.xtec.cat\/ceipjoansanpera\/wp-content\/uploads\/usu1583\/2022\/12\/LOGO-SPLASH.png\" alt=\"\" width=\"554\" height=\"375\" srcset=\"https:\/\/agora.xtec.cat\/ceipjoansanpera\/wp-content\/uploads\/usu1583\/2022\/12\/LOGO-SPLASH.png 779w, https:\/\/agora.xtec.cat\/ceipjoansanpera\/wp-content\/uploads\/usu1583\/2022\/12\/LOGO-SPLASH-300x203.png 300w, https:\/\/agora.xtec.cat\/ceipjoansanpera\/wp-content\/uploads\/usu1583\/2022\/12\/LOGO-SPLASH-768x520.png 768w\" sizes=\"auto, (max-width: 554px) 100vw, 554px\" \/><\/a><\/p>\n<p>&nbsp;<\/p>\n<p>&nbsp;<\/p>\n","protected":false},"excerpt":{"rendered":"<p>Gr\u00e0cies a totes les fam\u00edlies que heu participat en el proc\u00e9s d&#8217;elecci\u00f3 del logo del projecte S.P.L.A.S.H.! Ja tenim els resultats de com ha anat&#8230;.\u00a0 Volem agrair a tot l&#8217;alumnat de 5\u00e8 per haver participat en les propostes del logo. Finalment, el logo guanyador ha estat el n\u00famero 6, d&#8217;un dels alumnes de 5\u00e8 de [&hellip;]<\/p>\n","protected":false},"author":6,"featured_media":0,"comment_status":"open","ping_status":"closed","sticky":false,"template":"","format":"standard","meta":{"site-sidebar-layout":"default","site-content-layout":"","ast-site-content-layout":"","site-content-style":"default","site-sidebar-style":"default","ast-global-header-display":"","ast-banner-title-visibility":"","ast-main-header-display":"","ast-hfb-above-header-display":"","ast-hfb-below-header-display":"","ast-hfb-mobile-header-display":"","site-post-title":"","ast-breadcrumbs-content":"","ast-featured-img":"","footer-sml-layout":"","theme-transparent-header-meta":"","adv-header-id-meta":"","stick-header-meta":"","header-above-stick-meta":"","header-main-stick-meta":"","header-below-stick-meta":"","astra-migrate-meta-layouts":"default","ast-page-background-enabled":"default","ast-page-background-meta":{"desktop":{"background-color":"var(--ast-global-color-4)","background-image":"","background-repeat":"repeat","background-position":"center center","background-size":"auto","background-attachment":"scroll","background-type":"","background-media":"","overlay-type":"","overlay-color":"","overlay-opacity":"","overlay-gradient":""},"tablet":{"background-color":"","background-image":"","background-repeat":"repeat","background-position":"center center","background-size":"auto","background-attachment":"scroll","background-type":"","background-media":"","overlay-type":"","overlay-color":"","overlay-opacity":"","overlay-gradient":""},"mobile":{"background-color":"","background-image":"","background-repeat":"repeat","background-position":"center center","background-size":"auto","background-attachment":"scroll","background-type":"","background-media":"","overlay-type":"","overlay-color":"","overlay-opacity":"","overlay-gradient":""}},"ast-content-background-meta":{"desktop":{"background-color":"var(--ast-global-color-5)","background-image":"","background-repeat":"repeat","background-position":"center center","background-size":"auto","background-attachment":"scroll","background-type":"","background-media":"","overlay-type":"","overlay-color":"","overlay-opacity":"","overlay-gradient":""},"tablet":{"background-color":"var(--ast-global-color-5)","background-image":"","background-repeat":"repeat","background-position":"center center","background-size":"auto","background-attachment":"scroll","background-type":"","background-media":"","overlay-type":"","overlay-color":"","overlay-opacity":"","overlay-gradient":""},"mobile":{"background-color":"var(--ast-global-color-5)","background-image":"","background-repeat":"repeat","background-position":"center center","background-size":"auto","background-attachment":"scroll","background-type":"","background-media":"","overlay-type":"","overlay-color":"","overlay-opacity":"","overlay-gradient":""}},"footnotes":""},"categories":[300,565,1],"tags":[301],"class_list":["post-8464","post","type-post","status-publish","format-standard","hentry","category-erasmus","category-erasmus-erasmus","category-general","tag-erasmus"],"post_mailing_queue_ids":[],"_links":{"self":[{"href":"https:\/\/agora.xtec.cat\/ceipjoansanpera\/wp-json\/wp\/v2\/posts\/8464","targetHints":{"allow":["GET"]}}],"collection":[{"href":"https:\/\/agora.xtec.cat\/ceipjoansanpera\/wp-json\/wp\/v2\/posts"}],"about":[{"href":"https:\/\/agora.xtec.cat\/ceipjoansanpera\/wp-json\/wp\/v2\/types\/post"}],"author":[{"embeddable":true,"href":"https:\/\/agora.xtec.cat\/ceipjoansanpera\/wp-json\/wp\/v2\/users\/6"}],"replies":[{"embeddable":true,"href":"https:\/\/agora.xtec.cat\/ceipjoansanpera\/wp-json\/wp\/v2\/comments?post=8464"}],"version-history":[{"count":3,"href":"https:\/\/agora.xtec.cat\/ceipjoansanpera\/wp-json\/wp\/v2\/posts\/8464\/revisions"}],"predecessor-version":[{"id":8472,"href":"https:\/\/agora.xtec.cat\/ceipjoansanpera\/wp-json\/wp\/v2\/posts\/8464\/revisions\/8472"}],"wp:attachment":[{"href":"https:\/\/agora.xtec.cat\/ceipjoansanpera\/wp-json\/wp\/v2\/media?parent=8464"}],"wp:term":[{"taxonomy":"category","embeddable":true,"href":"https:\/\/agora.xtec.cat\/ceipjoansanpera\/wp-json\/wp\/v2\/categories?post=8464"},{"taxonomy":"post_tag","embeddable":true,"href":"https:\/\/agora.xtec.cat\/ceipjoansanpera\/wp-json\/wp\/v2\/tags?post=8464"}],"curies":[{"name":"wp","href":"https:\/\/api.w.org\/{rel}","templated":true}]}}