{"id":21699,"date":"2026-03-27T09:00:11","date_gmt":"2026-03-27T08:00:11","guid":{"rendered":"https:\/\/agora.xtec.cat\/ceipjoanotalisanda\/?p=21699"},"modified":"2026-03-26T22:57:25","modified_gmt":"2026-03-26T21:57:25","slug":"2n-8m-i-les-nostres-dones","status":"publish","type":"post","link":"https:\/\/agora.xtec.cat\/ceipjoanotalisanda\/general\/2n-8m-i-les-nostres-dones\/","title":{"rendered":"2n. 8M I LES NOSTRES DONES"},"content":{"rendered":"<p>Fa unes setmanes, a l\u2019escola vam treballar el Dia de la Dona, que se celebra el 8 de mar\u00e7, i vam fer unes activitats especials amb els alumnes de segon.<\/p>\n<p>Primer, vam parlar de per qu\u00e8 aquest dia \u00e9s important. Vam explicar, d\u2019una manera senzilla i entenedora, que serveix per recordar que totes les persones, siguin homes o dones, han de tenir les mateixes oportunitats i drets. Tamb\u00e9 vam comentar que, al llarg de la hist\u00f2ria, moltes dones han hagut de lluitar per aconseguir aquests drets.<\/p>\n<p>Despr\u00e9s, vam fer una activitat molt creativa: cada alumne va dibuixar una dona important per a ell o ella i va explicar per qu\u00e8 era especial. Algunes van triar mares, \u00e0vies o germanes, i altres dones que admiren.<\/p>\n<p>Amb tots els dibuixos, vam crear uns retrats molt bonics que vam penjar al passad\u00eds de l\u2019escola durant uns dies. Va quedar una exposici\u00f3 preciosa!<\/p>\n<p>Aqu\u00ed podeu veure alguns exemples:<\/p>\n<p><img loading=\"lazy\" decoding=\"async\" class=\"alignnone size-large wp-image-21701\" src=\"https:\/\/agora.xtec.cat\/ceipjoanotalisanda\/wp-content\/uploads\/usu1478\/2026\/03\/DONES-1-819x1024.jpg\" alt=\"\" width=\"819\" height=\"1024\" srcset=\"https:\/\/agora.xtec.cat\/ceipjoanotalisanda\/wp-content\/uploads\/usu1478\/2026\/03\/DONES-1-819x1024.jpg 819w, https:\/\/agora.xtec.cat\/ceipjoanotalisanda\/wp-content\/uploads\/usu1478\/2026\/03\/DONES-1-240x300.jpg 240w, https:\/\/agora.xtec.cat\/ceipjoanotalisanda\/wp-content\/uploads\/usu1478\/2026\/03\/DONES-1-768x960.jpg 768w, https:\/\/agora.xtec.cat\/ceipjoanotalisanda\/wp-content\/uploads\/usu1478\/2026\/03\/DONES-1.jpg 1080w\" sizes=\"auto, (max-width: 819px) 100vw, 819px\" \/><\/p>\n","protected":false},"excerpt":{"rendered":"<p>Fa unes setmanes, a l\u2019escola vam treballar el Dia de la Dona, que se celebra el 8 de mar\u00e7, i vam fer unes activitats especials amb els alumnes de segon.<br \/>\nPrimer, vam parlar de per qu\u00e8 aquest dia \u00e9s important. Vam explicar, d\u2019una manera senzilla i&hellip;  <a href=\"https:\/\/agora.xtec.cat\/ceipjoanotalisanda\/general\/2n-8m-i-les-nostres-dones\/\" title=\"Read 2n. 8M I LES NOSTRES DONES\">Llegeix m\u00e9s\u00bb<\/a><\/p>\n","protected":false},"author":100,"featured_media":21701,"comment_status":"open","ping_status":"open","sticky":false,"template":"","format":"standard","meta":{"_bbp_topic_count":0,"_bbp_reply_count":0,"_bbp_total_topic_count":0,"_bbp_total_reply_count":0,"_bbp_voice_count":0,"_bbp_anonymous_reply_count":0,"_bbp_topic_count_hidden":0,"_bbp_reply_count_hidden":0,"_bbp_forum_subforum_count":0,"footnotes":""},"categories":[1],"tags":[],"class_list":["post-21699","post","type-post","status-publish","format-standard","has-post-thumbnail","hentry","category-general"],"post_mailing_queue_ids":[],"_links":{"self":[{"href":"https:\/\/agora.xtec.cat\/ceipjoanotalisanda\/wp-json\/wp\/v2\/posts\/21699","targetHints":{"allow":["GET"]}}],"collection":[{"href":"https:\/\/agora.xtec.cat\/ceipjoanotalisanda\/wp-json\/wp\/v2\/posts"}],"about":[{"href":"https:\/\/agora.xtec.cat\/ceipjoanotalisanda\/wp-json\/wp\/v2\/types\/post"}],"author":[{"embeddable":true,"href":"https:\/\/agora.xtec.cat\/ceipjoanotalisanda\/wp-json\/wp\/v2\/users\/100"}],"replies":[{"embeddable":true,"href":"https:\/\/agora.xtec.cat\/ceipjoanotalisanda\/wp-json\/wp\/v2\/comments?post=21699"}],"version-history":[{"count":1,"href":"https:\/\/agora.xtec.cat\/ceipjoanotalisanda\/wp-json\/wp\/v2\/posts\/21699\/revisions"}],"predecessor-version":[{"id":21702,"href":"https:\/\/agora.xtec.cat\/ceipjoanotalisanda\/wp-json\/wp\/v2\/posts\/21699\/revisions\/21702"}],"wp:featuredmedia":[{"embeddable":true,"href":"https:\/\/agora.xtec.cat\/ceipjoanotalisanda\/wp-json\/wp\/v2\/media\/21701"}],"wp:attachment":[{"href":"https:\/\/agora.xtec.cat\/ceipjoanotalisanda\/wp-json\/wp\/v2\/media?parent=21699"}],"wp:term":[{"taxonomy":"category","embeddable":true,"href":"https:\/\/agora.xtec.cat\/ceipjoanotalisanda\/wp-json\/wp\/v2\/categories?post=21699"},{"taxonomy":"post_tag","embeddable":true,"href":"https:\/\/agora.xtec.cat\/ceipjoanotalisanda\/wp-json\/wp\/v2\/tags?post=21699"}],"curies":[{"name":"wp","href":"https:\/\/api.w.org\/{rel}","templated":true}]}}