{"id":21543,"date":"2026-01-30T12:44:48","date_gmt":"2026-01-30T11:44:48","guid":{"rendered":"https:\/\/agora.xtec.cat\/ceipjoanotalisanda\/?p=21543"},"modified":"2026-01-30T12:45:21","modified_gmt":"2026-01-30T11:45:21","slug":"dia-de-la-pau","status":"publish","type":"post","link":"https:\/\/agora.xtec.cat\/ceipjoanotalisanda\/general\/dia-de-la-pau\/","title":{"rendered":"Dia de la Pau"},"content":{"rendered":"<p>Avui hem celebrat el dia de la pau a l&#8217;escola.<\/p>\n<p>A les aules hem parlat de la import\u00e0ncia de la pau, hem llegit contes i a cada nivell hem tractat el tema amb activitats adequades a cada edat.<\/p>\n<p>Tamb\u00e9 hem sortit tots junts al pati i hem confegit el s\u00edmbol de la pau. Aix\u00ed tenim un bon record del dia!<\/p>\n<p><a href=\"https:\/\/agora.xtec.cat\/ceipjoanotalisanda\/wp-content\/uploads\/usu1478\/2026\/01\/PHOTO-2026-01-30-12-00-25.jpg\"><img loading=\"lazy\" decoding=\"async\" class=\"aligncenter wp-image-21544 size-large\" src=\"https:\/\/agora.xtec.cat\/ceipjoanotalisanda\/wp-content\/uploads\/usu1478\/2026\/01\/PHOTO-2026-01-30-12-00-25-1024x493.jpg\" alt=\"\" width=\"1024\" height=\"493\" srcset=\"https:\/\/agora.xtec.cat\/ceipjoanotalisanda\/wp-content\/uploads\/usu1478\/2026\/01\/PHOTO-2026-01-30-12-00-25-1024x493.jpg 1024w, https:\/\/agora.xtec.cat\/ceipjoanotalisanda\/wp-content\/uploads\/usu1478\/2026\/01\/PHOTO-2026-01-30-12-00-25-300x144.jpg 300w, https:\/\/agora.xtec.cat\/ceipjoanotalisanda\/wp-content\/uploads\/usu1478\/2026\/01\/PHOTO-2026-01-30-12-00-25-768x370.jpg 768w, https:\/\/agora.xtec.cat\/ceipjoanotalisanda\/wp-content\/uploads\/usu1478\/2026\/01\/PHOTO-2026-01-30-12-00-25.jpg 1514w\" sizes=\"auto, (max-width: 1024px) 100vw, 1024px\" \/><\/a><\/p>\n","protected":false},"excerpt":{"rendered":"<p>Avui hem celebrat el dia de la pau a l&#8217;escola.<br \/>\nA les aules hem parlat de la import\u00e0ncia de la pau, hem llegit contes i a cada nivell hem tractat el tema amb activitats adequades a cada edat.<br \/>\nTamb\u00e9 hem sortit tots junts al pati i hem&hellip;  <a href=\"https:\/\/agora.xtec.cat\/ceipjoanotalisanda\/general\/dia-de-la-pau\/\" title=\"Read Dia de la Pau\">Llegeix m\u00e9s\u00bb<\/a><\/p>\n","protected":false},"author":1,"featured_media":21544,"comment_status":"closed","ping_status":"closed","sticky":false,"template":"","format":"standard","meta":{"_bbp_topic_count":0,"_bbp_reply_count":0,"_bbp_total_topic_count":0,"_bbp_total_reply_count":0,"_bbp_voice_count":0,"_bbp_anonymous_reply_count":0,"_bbp_topic_count_hidden":0,"_bbp_reply_count_hidden":0,"_bbp_forum_subforum_count":0,"footnotes":""},"categories":[1,4],"tags":[],"class_list":["post-21543","post","type-post","status-publish","format-standard","has-post-thumbnail","hentry","category-general","category-portada"],"post_mailing_queue_ids":[],"_links":{"self":[{"href":"https:\/\/agora.xtec.cat\/ceipjoanotalisanda\/wp-json\/wp\/v2\/posts\/21543","targetHints":{"allow":["GET"]}}],"collection":[{"href":"https:\/\/agora.xtec.cat\/ceipjoanotalisanda\/wp-json\/wp\/v2\/posts"}],"about":[{"href":"https:\/\/agora.xtec.cat\/ceipjoanotalisanda\/wp-json\/wp\/v2\/types\/post"}],"author":[{"embeddable":true,"href":"https:\/\/agora.xtec.cat\/ceipjoanotalisanda\/wp-json\/wp\/v2\/users\/1"}],"replies":[{"embeddable":true,"href":"https:\/\/agora.xtec.cat\/ceipjoanotalisanda\/wp-json\/wp\/v2\/comments?post=21543"}],"version-history":[{"count":2,"href":"https:\/\/agora.xtec.cat\/ceipjoanotalisanda\/wp-json\/wp\/v2\/posts\/21543\/revisions"}],"predecessor-version":[{"id":21546,"href":"https:\/\/agora.xtec.cat\/ceipjoanotalisanda\/wp-json\/wp\/v2\/posts\/21543\/revisions\/21546"}],"wp:featuredmedia":[{"embeddable":true,"href":"https:\/\/agora.xtec.cat\/ceipjoanotalisanda\/wp-json\/wp\/v2\/media\/21544"}],"wp:attachment":[{"href":"https:\/\/agora.xtec.cat\/ceipjoanotalisanda\/wp-json\/wp\/v2\/media?parent=21543"}],"wp:term":[{"taxonomy":"category","embeddable":true,"href":"https:\/\/agora.xtec.cat\/ceipjoanotalisanda\/wp-json\/wp\/v2\/categories?post=21543"},{"taxonomy":"post_tag","embeddable":true,"href":"https:\/\/agora.xtec.cat\/ceipjoanotalisanda\/wp-json\/wp\/v2\/tags?post=21543"}],"curies":[{"name":"wp","href":"https:\/\/api.w.org\/{rel}","templated":true}]}}