{"id":21359,"date":"2025-11-04T15:55:27","date_gmt":"2025-11-04T14:55:27","guid":{"rendered":"https:\/\/agora.xtec.cat\/ceipjoanotalisanda\/?p=21359"},"modified":"2025-11-04T15:55:27","modified_gmt":"2025-11-04T14:55:27","slug":"festa-de-la-castanyada","status":"publish","type":"post","link":"https:\/\/agora.xtec.cat\/ceipjoanotalisanda\/portada\/festa-de-la-castanyada\/","title":{"rendered":"Festa de la Castanyada"},"content":{"rendered":"<p>El passat dijous 30 d&#8217;octubre vam celebrar la Festa de la Castanyada!<\/p>\n<p>Els infants de sis\u00e8 van preparar uns jocs fant\u00e0stics per a tota l&#8217;escola i vam poder estar jugant mentre beren\u00e0vem les coques que les fam\u00edlies van portar.<\/p>\n<p>Va ser una bonica tarda!!<\/p>\n<p>Si voleu veure les fotografies dels jocs, <a href=\"https:\/\/drive.google.com\/drive\/folders\/1PFZ2cdIlF8QlkvFp6BzbTiQiCQn_Sjhs?usp=sharing\" target=\"_blank\" rel=\"noopener\">aqu\u00ed<\/a> les teniu.<\/p>\n","protected":false},"excerpt":{"rendered":"<p>El passat dijous 30 d&#8217;octubre vam celebrar la Festa de la Castanyada!<br \/>\nEls infants de sis\u00e8 van preparar uns jocs fant\u00e0stics per a tota l&#8217;escola i vam poder estar jugant mentre beren\u00e0vem les coques que les fam\u00edlies van portar.<br \/>\nVa ser una bonica tarda!!<br \/>\nSi voleu veure les&hellip;  <a href=\"https:\/\/agora.xtec.cat\/ceipjoanotalisanda\/portada\/festa-de-la-castanyada\/\" title=\"Read Festa de la Castanyada\">Llegeix m\u00e9s\u00bb<\/a><\/p>\n","protected":false},"author":1,"featured_media":21360,"comment_status":"closed","ping_status":"closed","sticky":false,"template":"","format":"standard","meta":{"_bbp_topic_count":0,"_bbp_reply_count":0,"_bbp_total_topic_count":0,"_bbp_total_reply_count":0,"_bbp_voice_count":0,"_bbp_anonymous_reply_count":0,"_bbp_topic_count_hidden":0,"_bbp_reply_count_hidden":0,"_bbp_forum_subforum_count":0,"footnotes":""},"categories":[4],"tags":[],"class_list":["post-21359","post","type-post","status-publish","format-standard","has-post-thumbnail","hentry","category-portada"],"post_mailing_queue_ids":[],"_links":{"self":[{"href":"https:\/\/agora.xtec.cat\/ceipjoanotalisanda\/wp-json\/wp\/v2\/posts\/21359","targetHints":{"allow":["GET"]}}],"collection":[{"href":"https:\/\/agora.xtec.cat\/ceipjoanotalisanda\/wp-json\/wp\/v2\/posts"}],"about":[{"href":"https:\/\/agora.xtec.cat\/ceipjoanotalisanda\/wp-json\/wp\/v2\/types\/post"}],"author":[{"embeddable":true,"href":"https:\/\/agora.xtec.cat\/ceipjoanotalisanda\/wp-json\/wp\/v2\/users\/1"}],"replies":[{"embeddable":true,"href":"https:\/\/agora.xtec.cat\/ceipjoanotalisanda\/wp-json\/wp\/v2\/comments?post=21359"}],"version-history":[{"count":1,"href":"https:\/\/agora.xtec.cat\/ceipjoanotalisanda\/wp-json\/wp\/v2\/posts\/21359\/revisions"}],"predecessor-version":[{"id":21361,"href":"https:\/\/agora.xtec.cat\/ceipjoanotalisanda\/wp-json\/wp\/v2\/posts\/21359\/revisions\/21361"}],"wp:featuredmedia":[{"embeddable":true,"href":"https:\/\/agora.xtec.cat\/ceipjoanotalisanda\/wp-json\/wp\/v2\/media\/21360"}],"wp:attachment":[{"href":"https:\/\/agora.xtec.cat\/ceipjoanotalisanda\/wp-json\/wp\/v2\/media?parent=21359"}],"wp:term":[{"taxonomy":"category","embeddable":true,"href":"https:\/\/agora.xtec.cat\/ceipjoanotalisanda\/wp-json\/wp\/v2\/categories?post=21359"},{"taxonomy":"post_tag","embeddable":true,"href":"https:\/\/agora.xtec.cat\/ceipjoanotalisanda\/wp-json\/wp\/v2\/tags?post=21359"}],"curies":[{"name":"wp","href":"https:\/\/api.w.org\/{rel}","templated":true}]}}