{"id":21353,"date":"2025-10-31T16:30:59","date_gmt":"2025-10-31T15:30:59","guid":{"rendered":"https:\/\/agora.xtec.cat\/ceipjoanotalisanda\/?p=21353"},"modified":"2025-11-04T15:50:05","modified_gmt":"2025-11-04T14:50:05","slug":"mercat-de-tardor","status":"publish","type":"post","link":"https:\/\/agora.xtec.cat\/ceipjoanotalisanda\/general\/mercat-de-tardor\/","title":{"rendered":"Mercat de tardor"},"content":{"rendered":"<p><span style=\"font-weight: 400;\">La tardor ja \u00e9s aqu\u00ed, i amb ella arriben els colors c\u00e0lids, les fulles seques i els fruits tan especials d\u2019aquesta \u00e8poca de l\u2019any. A l\u2019escola, la tardor \u00e9s una estaci\u00f3 molt important, perqu\u00e8 ens permet observar i descobrir els canvis que passen a la natura, i tamb\u00e9 gaudir de tradicions que celebrem amb molta il\u00b7lusi\u00f3.<\/span><\/p>\n<p><span style=\"font-weight: 400;\">Com cada any, hem muntat el nostre Mercat de tardor al vest\u00edbul de l\u2019escola. Un espai ple de color, on exposem fruits i dol\u00e7os t\u00edpics de la tardor fets amb fang pels nens i nenes d\u2019Educaci\u00f3 Infantil i Cicle Inicial.<\/span><\/p>\n<p><span style=\"font-weight: 400;\">Els infants de Cicle Inicial han treballat especialment els fruits de la tardor: el codony, les figues, les mandarines, les carbasses, els caquis i les magranes. Primer, vam observar aquests fruits de veritat: vam veure com eren per fora i per dins, vam tocar-los, vam olorar-los i en vam parlar entre tots i totes. Despr\u00e9s, amb molt de detall i paci\u00e8ncia, els vam modelar amb fang. Un cop secs, els vam pintar amb pintura perqu\u00e8 quedessin ben vius i realistes.<\/span><\/p>\n<p><span style=\"font-weight: 400;\">Us convidem a veure unes fotos que recullen el proc\u00e9s. <\/span><\/p>\n<p><img loading=\"lazy\" decoding=\"async\" class=\"alignnone size-large wp-image-21354 aligncenter\" src=\"https:\/\/agora.xtec.cat\/ceipjoanotalisanda\/wp-content\/uploads\/usu1478\/2025\/10\/Collage_mercat-de-tardor-1024x819.jpg\" alt=\"\" width=\"1024\" height=\"819\" srcset=\"https:\/\/agora.xtec.cat\/ceipjoanotalisanda\/wp-content\/uploads\/usu1478\/2025\/10\/Collage_mercat-de-tardor-1024x819.jpg 1024w, https:\/\/agora.xtec.cat\/ceipjoanotalisanda\/wp-content\/uploads\/usu1478\/2025\/10\/Collage_mercat-de-tardor-300x240.jpg 300w, https:\/\/agora.xtec.cat\/ceipjoanotalisanda\/wp-content\/uploads\/usu1478\/2025\/10\/Collage_mercat-de-tardor-768x614.jpg 768w, https:\/\/agora.xtec.cat\/ceipjoanotalisanda\/wp-content\/uploads\/usu1478\/2025\/10\/Collage_mercat-de-tardor-1536x1229.jpg 1536w, https:\/\/agora.xtec.cat\/ceipjoanotalisanda\/wp-content\/uploads\/usu1478\/2025\/10\/Collage_mercat-de-tardor.jpg 2000w\" sizes=\"auto, (max-width: 1024px) 100vw, 1024px\" \/><\/p>\n<p><span style=\"font-weight: 400;\">I, tamb\u00e9, del resultat final; el nostre Mercat de tardor!<\/span><\/p>\n<p><img loading=\"lazy\" decoding=\"async\" class=\"size-large wp-image-21355 aligncenter\" src=\"https:\/\/agora.xtec.cat\/ceipjoanotalisanda\/wp-content\/uploads\/usu1478\/2025\/10\/Collage_mercat-de-tardor-1-1024x819.jpg\" alt=\"\" width=\"1024\" height=\"819\" srcset=\"https:\/\/agora.xtec.cat\/ceipjoanotalisanda\/wp-content\/uploads\/usu1478\/2025\/10\/Collage_mercat-de-tardor-1-1024x819.jpg 1024w, https:\/\/agora.xtec.cat\/ceipjoanotalisanda\/wp-content\/uploads\/usu1478\/2025\/10\/Collage_mercat-de-tardor-1-300x240.jpg 300w, https:\/\/agora.xtec.cat\/ceipjoanotalisanda\/wp-content\/uploads\/usu1478\/2025\/10\/Collage_mercat-de-tardor-1-768x614.jpg 768w, https:\/\/agora.xtec.cat\/ceipjoanotalisanda\/wp-content\/uploads\/usu1478\/2025\/10\/Collage_mercat-de-tardor-1-1536x1229.jpg 1536w, https:\/\/agora.xtec.cat\/ceipjoanotalisanda\/wp-content\/uploads\/usu1478\/2025\/10\/Collage_mercat-de-tardor-1.jpg 2000w\" sizes=\"auto, (max-width: 1024px) 100vw, 1024px\" \/><\/p>\n<p><span style=\"font-weight: 400;\">Bona Castanyada a tothom!<\/span><\/p>\n","protected":false},"excerpt":{"rendered":"<p>La tardor ja \u00e9s aqu\u00ed, i amb ella arriben els colors c\u00e0lids, les fulles seques i els fruits tan especials d\u2019aquesta \u00e8poca de l\u2019any. A l\u2019escola, la tardor \u00e9s una estaci\u00f3 molt important, perqu\u00e8 ens permet observar i descobrir els canvis que passen a la&hellip;  <a href=\"https:\/\/agora.xtec.cat\/ceipjoanotalisanda\/general\/mercat-de-tardor\/\" title=\"Read Mercat de tardor\">Llegeix m\u00e9s\u00bb<\/a><\/p>\n","protected":false},"author":100,"featured_media":21354,"comment_status":"open","ping_status":"open","sticky":false,"template":"","format":"standard","meta":{"_bbp_topic_count":0,"_bbp_reply_count":0,"_bbp_total_topic_count":0,"_bbp_total_reply_count":0,"_bbp_voice_count":0,"_bbp_anonymous_reply_count":0,"_bbp_topic_count_hidden":0,"_bbp_reply_count_hidden":0,"_bbp_forum_subforum_count":0,"footnotes":""},"categories":[1,4],"tags":[],"class_list":["post-21353","post","type-post","status-publish","format-standard","has-post-thumbnail","hentry","category-general","category-portada"],"post_mailing_queue_ids":[],"_links":{"self":[{"href":"https:\/\/agora.xtec.cat\/ceipjoanotalisanda\/wp-json\/wp\/v2\/posts\/21353","targetHints":{"allow":["GET"]}}],"collection":[{"href":"https:\/\/agora.xtec.cat\/ceipjoanotalisanda\/wp-json\/wp\/v2\/posts"}],"about":[{"href":"https:\/\/agora.xtec.cat\/ceipjoanotalisanda\/wp-json\/wp\/v2\/types\/post"}],"author":[{"embeddable":true,"href":"https:\/\/agora.xtec.cat\/ceipjoanotalisanda\/wp-json\/wp\/v2\/users\/100"}],"replies":[{"embeddable":true,"href":"https:\/\/agora.xtec.cat\/ceipjoanotalisanda\/wp-json\/wp\/v2\/comments?post=21353"}],"version-history":[{"count":3,"href":"https:\/\/agora.xtec.cat\/ceipjoanotalisanda\/wp-json\/wp\/v2\/posts\/21353\/revisions"}],"predecessor-version":[{"id":21358,"href":"https:\/\/agora.xtec.cat\/ceipjoanotalisanda\/wp-json\/wp\/v2\/posts\/21353\/revisions\/21358"}],"wp:featuredmedia":[{"embeddable":true,"href":"https:\/\/agora.xtec.cat\/ceipjoanotalisanda\/wp-json\/wp\/v2\/media\/21354"}],"wp:attachment":[{"href":"https:\/\/agora.xtec.cat\/ceipjoanotalisanda\/wp-json\/wp\/v2\/media?parent=21353"}],"wp:term":[{"taxonomy":"category","embeddable":true,"href":"https:\/\/agora.xtec.cat\/ceipjoanotalisanda\/wp-json\/wp\/v2\/categories?post=21353"},{"taxonomy":"post_tag","embeddable":true,"href":"https:\/\/agora.xtec.cat\/ceipjoanotalisanda\/wp-json\/wp\/v2\/tags?post=21353"}],"curies":[{"name":"wp","href":"https:\/\/api.w.org\/{rel}","templated":true}]}}