{"id":21248,"date":"2025-10-03T12:04:28","date_gmt":"2025-10-03T10:04:28","guid":{"rendered":"https:\/\/agora.xtec.cat\/ceipjoanotalisanda\/?p=21248"},"modified":"2025-10-03T12:05:13","modified_gmt":"2025-10-03T10:05:13","slug":"llibres-educacio-sexual-i-afectiva","status":"publish","type":"post","link":"https:\/\/agora.xtec.cat\/ceipjoanotalisanda\/portada\/llibres-educacio-sexual-i-afectiva\/","title":{"rendered":"Llibres d&#8217;educaci\u00f3 sexual i afectiva"},"content":{"rendered":"<p>El curs passat tot el claustre del Joanot vam fer una formaci\u00f3 d&#8217;educaci\u00f3 sexual i afectiva. Durant la formaci\u00f3 vam parlar molt per a posar en com\u00fa el punt de vista de totes les mestres sobre aquest tema i vam arribar a uns acords. Tamb\u00e9 vam elaborar una programaci\u00f3 per a tots els infants de l&#8217;escola des d&#8217;I3 fins a sis\u00e8 amb activitats adequades a cada nivell per a treballar aspectes com els estereotips de g\u00e8nere, saber posar l\u00edmits, diversitat de fam\u00edlies, relacions personals, sexualitat, etc.<\/p>\n<p>Durant aquests mesos hem programat i hem comprat els llibres necessaris per a poder tirar endavant la programaci\u00f3. Ja els hem folrat, registrat, etiquetat i ara s\u00ed: ja els tenim a punt per a treballar amb els infants.<\/p>\n<p><a href=\"https:\/\/agora.xtec.cat\/ceipjoanotalisanda\/wp-content\/uploads\/usu1478\/2025\/10\/Foto-de-Montse.jpg\"><img loading=\"lazy\" decoding=\"async\" class=\"aligncenter wp-image-21249 size-large\" src=\"https:\/\/agora.xtec.cat\/ceipjoanotalisanda\/wp-content\/uploads\/usu1478\/2025\/10\/Foto-de-Montse-1024x577.jpg\" alt=\"\" width=\"1024\" height=\"577\" srcset=\"https:\/\/agora.xtec.cat\/ceipjoanotalisanda\/wp-content\/uploads\/usu1478\/2025\/10\/Foto-de-Montse-1024x577.jpg 1024w, https:\/\/agora.xtec.cat\/ceipjoanotalisanda\/wp-content\/uploads\/usu1478\/2025\/10\/Foto-de-Montse-300x169.jpg 300w, https:\/\/agora.xtec.cat\/ceipjoanotalisanda\/wp-content\/uploads\/usu1478\/2025\/10\/Foto-de-Montse-768x432.jpg 768w, https:\/\/agora.xtec.cat\/ceipjoanotalisanda\/wp-content\/uploads\/usu1478\/2025\/10\/Foto-de-Montse-1536x865.jpg 1536w, https:\/\/agora.xtec.cat\/ceipjoanotalisanda\/wp-content\/uploads\/usu1478\/2025\/10\/Foto-de-Montse.jpg 2000w\" sizes=\"auto, (max-width: 1024px) 100vw, 1024px\" \/><\/a><\/p>\n<p>&nbsp;<\/p>\n","protected":false},"excerpt":{"rendered":"<p>El curs passat tot el claustre del Joanot vam fer una formaci\u00f3 d&#8217;educaci\u00f3 sexual i afectiva. Durant la formaci\u00f3 vam parlar molt per a posar en com\u00fa el punt de vista de totes les mestres sobre aquest tema i vam arribar a uns acords. Tamb\u00e9&hellip;  <a href=\"https:\/\/agora.xtec.cat\/ceipjoanotalisanda\/portada\/llibres-educacio-sexual-i-afectiva\/\" title=\"Read Llibres d&#8217;educaci\u00f3 sexual i afectiva\">Llegeix m\u00e9s\u00bb<\/a><\/p>\n","protected":false},"author":1,"featured_media":21249,"comment_status":"closed","ping_status":"closed","sticky":false,"template":"","format":"standard","meta":{"_bbp_topic_count":0,"_bbp_reply_count":0,"_bbp_total_topic_count":0,"_bbp_total_reply_count":0,"_bbp_voice_count":0,"_bbp_anonymous_reply_count":0,"_bbp_topic_count_hidden":0,"_bbp_reply_count_hidden":0,"_bbp_forum_subforum_count":0,"footnotes":""},"categories":[4],"tags":[],"class_list":["post-21248","post","type-post","status-publish","format-standard","has-post-thumbnail","hentry","category-portada"],"post_mailing_queue_ids":[],"_links":{"self":[{"href":"https:\/\/agora.xtec.cat\/ceipjoanotalisanda\/wp-json\/wp\/v2\/posts\/21248","targetHints":{"allow":["GET"]}}],"collection":[{"href":"https:\/\/agora.xtec.cat\/ceipjoanotalisanda\/wp-json\/wp\/v2\/posts"}],"about":[{"href":"https:\/\/agora.xtec.cat\/ceipjoanotalisanda\/wp-json\/wp\/v2\/types\/post"}],"author":[{"embeddable":true,"href":"https:\/\/agora.xtec.cat\/ceipjoanotalisanda\/wp-json\/wp\/v2\/users\/1"}],"replies":[{"embeddable":true,"href":"https:\/\/agora.xtec.cat\/ceipjoanotalisanda\/wp-json\/wp\/v2\/comments?post=21248"}],"version-history":[{"count":3,"href":"https:\/\/agora.xtec.cat\/ceipjoanotalisanda\/wp-json\/wp\/v2\/posts\/21248\/revisions"}],"predecessor-version":[{"id":21252,"href":"https:\/\/agora.xtec.cat\/ceipjoanotalisanda\/wp-json\/wp\/v2\/posts\/21248\/revisions\/21252"}],"wp:featuredmedia":[{"embeddable":true,"href":"https:\/\/agora.xtec.cat\/ceipjoanotalisanda\/wp-json\/wp\/v2\/media\/21249"}],"wp:attachment":[{"href":"https:\/\/agora.xtec.cat\/ceipjoanotalisanda\/wp-json\/wp\/v2\/media?parent=21248"}],"wp:term":[{"taxonomy":"category","embeddable":true,"href":"https:\/\/agora.xtec.cat\/ceipjoanotalisanda\/wp-json\/wp\/v2\/categories?post=21248"},{"taxonomy":"post_tag","embeddable":true,"href":"https:\/\/agora.xtec.cat\/ceipjoanotalisanda\/wp-json\/wp\/v2\/tags?post=21248"}],"curies":[{"name":"wp","href":"https:\/\/api.w.org\/{rel}","templated":true}]}}