{"id":20945,"date":"2025-04-23T16:52:26","date_gmt":"2025-04-23T14:52:26","guid":{"rendered":"https:\/\/agora.xtec.cat\/ceipjoanotalisanda\/?p=20945"},"modified":"2025-04-23T16:53:35","modified_gmt":"2025-04-23T14:53:35","slug":"sant-jordi-al-joanot","status":"publish","type":"post","link":"https:\/\/agora.xtec.cat\/ceipjoanotalisanda\/general\/sant-jordi-al-joanot\/","title":{"rendered":"Sant Jordi al Joanot"},"content":{"rendered":"<p>Avui hem celebrat els Jocs Florals a l&#8217;escola!<\/p>\n<p>El mantenidor Ramon Besora i Oliva, mestre, poeta, editor i avi de la Martina i el Ferran(el padr\u00ed) ha fet m\u00e0gia liter\u00e0ria. Ens ha fet gaudir amb els seus contes, poemes, endevinalles, jocs i els seus trucs de m\u00e0gia. Ha estat un mat\u00ed ben bonic on tots i totes hem pogut gaudir d&#8217;aquesta tradici\u00f3 tan nostra.<\/p>\n<p><a href=\"https:\/\/agora.xtec.cat\/ceipjoanotalisanda\/wp-content\/uploads\/usu1478\/2025\/04\/IMG-20250423-WA0010.jpg\"><img loading=\"lazy\" decoding=\"async\" class=\"size-medium wp-image-20947 alignleft\" src=\"https:\/\/agora.xtec.cat\/ceipjoanotalisanda\/wp-content\/uploads\/usu1478\/2025\/04\/IMG-20250423-WA0010-225x300.jpg\" alt=\"\" width=\"225\" height=\"300\" srcset=\"https:\/\/agora.xtec.cat\/ceipjoanotalisanda\/wp-content\/uploads\/usu1478\/2025\/04\/IMG-20250423-WA0010-225x300.jpg 225w, https:\/\/agora.xtec.cat\/ceipjoanotalisanda\/wp-content\/uploads\/usu1478\/2025\/04\/IMG-20250423-WA0010-768x1024.jpg 768w, https:\/\/agora.xtec.cat\/ceipjoanotalisanda\/wp-content\/uploads\/usu1478\/2025\/04\/IMG-20250423-WA0010-1152x1536.jpg 1152w, https:\/\/agora.xtec.cat\/ceipjoanotalisanda\/wp-content\/uploads\/usu1478\/2025\/04\/IMG-20250423-WA0010.jpg 1200w\" sizes=\"auto, (max-width: 225px) 100vw, 225px\" \/> <img loading=\"lazy\" decoding=\"async\" class=\"size-medium wp-image-20946 alignleft\" src=\"https:\/\/agora.xtec.cat\/ceipjoanotalisanda\/wp-content\/uploads\/usu1478\/2025\/04\/IMG-20250423-WA0008-225x300.jpg\" alt=\"\" width=\"225\" height=\"300\" srcset=\"https:\/\/agora.xtec.cat\/ceipjoanotalisanda\/wp-content\/uploads\/usu1478\/2025\/04\/IMG-20250423-WA0008-225x300.jpg 225w, https:\/\/agora.xtec.cat\/ceipjoanotalisanda\/wp-content\/uploads\/usu1478\/2025\/04\/IMG-20250423-WA0008-768x1024.jpg 768w, https:\/\/agora.xtec.cat\/ceipjoanotalisanda\/wp-content\/uploads\/usu1478\/2025\/04\/IMG-20250423-WA0008-1152x1536.jpg 1152w, https:\/\/agora.xtec.cat\/ceipjoanotalisanda\/wp-content\/uploads\/usu1478\/2025\/04\/IMG-20250423-WA0008.jpg 1200w\" sizes=\"auto, (max-width: 225px) 100vw, 225px\" \/><\/a><\/p>\n<p>&nbsp;<\/p>\n","protected":false},"excerpt":{"rendered":"<p>Avui hem celebrat els Jocs Florals a l&#8217;escola!<br \/>\nEl mantenidor Ramon Besora i Oliva, mestre, poeta, editor i avi de la Martina i el Ferran(el padr\u00ed) ha fet m\u00e0gia liter\u00e0ria. Ens ha fet gaudir amb els seus contes, poemes, endevinalles, jocs i els seus trucs de&hellip;  <a href=\"https:\/\/agora.xtec.cat\/ceipjoanotalisanda\/general\/sant-jordi-al-joanot\/\" title=\"Read Sant Jordi al Joanot\">Llegeix m\u00e9s\u00bb<\/a><\/p>\n","protected":false},"author":1,"featured_media":20948,"comment_status":"closed","ping_status":"closed","sticky":false,"template":"","format":"standard","meta":{"_bbp_topic_count":0,"_bbp_reply_count":0,"_bbp_total_topic_count":0,"_bbp_total_reply_count":0,"_bbp_voice_count":0,"_bbp_anonymous_reply_count":0,"_bbp_topic_count_hidden":0,"_bbp_reply_count_hidden":0,"_bbp_forum_subforum_count":0,"footnotes":""},"categories":[1,4],"tags":[],"class_list":["post-20945","post","type-post","status-publish","format-standard","has-post-thumbnail","hentry","category-general","category-portada"],"post_mailing_queue_ids":[],"_links":{"self":[{"href":"https:\/\/agora.xtec.cat\/ceipjoanotalisanda\/wp-json\/wp\/v2\/posts\/20945","targetHints":{"allow":["GET"]}}],"collection":[{"href":"https:\/\/agora.xtec.cat\/ceipjoanotalisanda\/wp-json\/wp\/v2\/posts"}],"about":[{"href":"https:\/\/agora.xtec.cat\/ceipjoanotalisanda\/wp-json\/wp\/v2\/types\/post"}],"author":[{"embeddable":true,"href":"https:\/\/agora.xtec.cat\/ceipjoanotalisanda\/wp-json\/wp\/v2\/users\/1"}],"replies":[{"embeddable":true,"href":"https:\/\/agora.xtec.cat\/ceipjoanotalisanda\/wp-json\/wp\/v2\/comments?post=20945"}],"version-history":[{"count":1,"href":"https:\/\/agora.xtec.cat\/ceipjoanotalisanda\/wp-json\/wp\/v2\/posts\/20945\/revisions"}],"predecessor-version":[{"id":20949,"href":"https:\/\/agora.xtec.cat\/ceipjoanotalisanda\/wp-json\/wp\/v2\/posts\/20945\/revisions\/20949"}],"wp:featuredmedia":[{"embeddable":true,"href":"https:\/\/agora.xtec.cat\/ceipjoanotalisanda\/wp-json\/wp\/v2\/media\/20948"}],"wp:attachment":[{"href":"https:\/\/agora.xtec.cat\/ceipjoanotalisanda\/wp-json\/wp\/v2\/media?parent=20945"}],"wp:term":[{"taxonomy":"category","embeddable":true,"href":"https:\/\/agora.xtec.cat\/ceipjoanotalisanda\/wp-json\/wp\/v2\/categories?post=20945"},{"taxonomy":"post_tag","embeddable":true,"href":"https:\/\/agora.xtec.cat\/ceipjoanotalisanda\/wp-json\/wp\/v2\/tags?post=20945"}],"curies":[{"name":"wp","href":"https:\/\/api.w.org\/{rel}","templated":true}]}}