{"id":20842,"date":"2025-02-21T12:11:19","date_gmt":"2025-02-21T11:11:19","guid":{"rendered":"https:\/\/agora.xtec.cat\/ceipjoanotalisanda\/?p=20842"},"modified":"2025-02-21T20:57:55","modified_gmt":"2025-02-21T19:57:55","slug":"festa-major-dhivern","status":"publish","type":"post","link":"https:\/\/agora.xtec.cat\/ceipjoanotalisanda\/portada\/festa-major-dhivern\/","title":{"rendered":"Festa Major d&#8217;Hivern"},"content":{"rendered":"<p>Dijous 20 de febrer hem celebrat la Festa Major d&#8217;Hivern dins les activitats previstes durant la Setmana del Joanot Alisanda.<\/p>\n<p>Vam cantar tots i totes la can\u00e7\u00f3 dels 55 anys de l&#8217;escola, vam fer ballar els gegants i capgrossos i despr\u00e9s vam gaudir ballant amb el Jaume Ibars.<\/p>\n<p>Va ser d&#8217;all\u00f2 m\u00e9s divertit!<\/p>\n<p>Aqu\u00ed teniu algunes fotografies i alguns <a href=\"https:\/\/agora.xtec.cat\/ceipjoanotalisanda\/general\/videos-de-la-festa-major-dhivern\/\" target=\"_blank\" rel=\"noopener\">v\u00eddeos<\/a> de la festa!!<\/p>\n<p><a href=\"https:\/\/agora.xtec.cat\/ceipjoanotalisanda\/wp-content\/uploads\/usu1478\/2025\/02\/IMG_4710-rotated.jpg\"><img loading=\"lazy\" decoding=\"async\" class=\"aligncenter wp-image-20847 size-full\" src=\"https:\/\/agora.xtec.cat\/ceipjoanotalisanda\/wp-content\/uploads\/usu1478\/2025\/02\/IMG_4710-rotated.jpg\" alt=\"\" width=\"480\" height=\"640\" srcset=\"https:\/\/agora.xtec.cat\/ceipjoanotalisanda\/wp-content\/uploads\/usu1478\/2025\/02\/IMG_4710-rotated.jpg 480w, https:\/\/agora.xtec.cat\/ceipjoanotalisanda\/wp-content\/uploads\/usu1478\/2025\/02\/IMG_4710-225x300.jpg 225w\" sizes=\"auto, (max-width: 480px) 100vw, 480px\" \/><\/a><a href=\"https:\/\/agora.xtec.cat\/ceipjoanotalisanda\/wp-content\/uploads\/usu1478\/2025\/02\/Festa-Major-dHivern.jpg\"><img loading=\"lazy\" decoding=\"async\" class=\"aligncenter wp-image-20845 size-large\" src=\"https:\/\/agora.xtec.cat\/ceipjoanotalisanda\/wp-content\/uploads\/usu1478\/2025\/02\/Festa-Major-dHivern-1024x724.jpg\" alt=\"\" width=\"1024\" height=\"724\" srcset=\"https:\/\/agora.xtec.cat\/ceipjoanotalisanda\/wp-content\/uploads\/usu1478\/2025\/02\/Festa-Major-dHivern-1024x724.jpg 1024w, https:\/\/agora.xtec.cat\/ceipjoanotalisanda\/wp-content\/uploads\/usu1478\/2025\/02\/Festa-Major-dHivern-300x212.jpg 300w, https:\/\/agora.xtec.cat\/ceipjoanotalisanda\/wp-content\/uploads\/usu1478\/2025\/02\/Festa-Major-dHivern-768x543.jpg 768w, https:\/\/agora.xtec.cat\/ceipjoanotalisanda\/wp-content\/uploads\/usu1478\/2025\/02\/Festa-Major-dHivern-1536x1086.jpg 1536w, https:\/\/agora.xtec.cat\/ceipjoanotalisanda\/wp-content\/uploads\/usu1478\/2025\/02\/Festa-Major-dHivern.jpg 2000w\" sizes=\"auto, (max-width: 1024px) 100vw, 1024px\" \/><\/a><a href=\"https:\/\/agora.xtec.cat\/ceipjoanotalisanda\/wp-content\/uploads\/usu1478\/2025\/02\/1740135508391.jpg\"><img loading=\"lazy\" decoding=\"async\" class=\"aligncenter wp-image-20843 size-large\" src=\"https:\/\/agora.xtec.cat\/ceipjoanotalisanda\/wp-content\/uploads\/usu1478\/2025\/02\/1740135508391-1024x768.jpg\" alt=\"\" width=\"1024\" height=\"768\" srcset=\"https:\/\/agora.xtec.cat\/ceipjoanotalisanda\/wp-content\/uploads\/usu1478\/2025\/02\/1740135508391-1024x768.jpg 1024w, https:\/\/agora.xtec.cat\/ceipjoanotalisanda\/wp-content\/uploads\/usu1478\/2025\/02\/1740135508391-300x225.jpg 300w, https:\/\/agora.xtec.cat\/ceipjoanotalisanda\/wp-content\/uploads\/usu1478\/2025\/02\/1740135508391-768x576.jpg 768w, https:\/\/agora.xtec.cat\/ceipjoanotalisanda\/wp-content\/uploads\/usu1478\/2025\/02\/1740135508391-1536x1152.jpg 1536w, https:\/\/agora.xtec.cat\/ceipjoanotalisanda\/wp-content\/uploads\/usu1478\/2025\/02\/1740135508391-200x150.jpg 200w, https:\/\/agora.xtec.cat\/ceipjoanotalisanda\/wp-content\/uploads\/usu1478\/2025\/02\/1740135508391.jpg 2048w\" sizes=\"auto, (max-width: 1024px) 100vw, 1024px\" \/><\/a><\/p>\n","protected":false},"excerpt":{"rendered":"<p>Dijous 20 de febrer hem celebrat la Festa Major d&#8217;Hivern dins les activitats previstes durant la Setmana del Joanot Alisanda.<br \/>\nVam cantar tots i totes la can\u00e7\u00f3 dels 55 anys de l&#8217;escola, vam fer ballar els gegants i capgrossos i despr\u00e9s vam gaudir ballant amb el&hellip;  <a href=\"https:\/\/agora.xtec.cat\/ceipjoanotalisanda\/portada\/festa-major-dhivern\/\" title=\"Read Festa Major d&#8217;Hivern\">Llegeix m\u00e9s\u00bb<\/a><\/p>\n","protected":false},"author":1,"featured_media":20845,"comment_status":"open","ping_status":"closed","sticky":false,"template":"","format":"standard","meta":{"_bbp_topic_count":0,"_bbp_reply_count":0,"_bbp_total_topic_count":0,"_bbp_total_reply_count":0,"_bbp_voice_count":0,"_bbp_anonymous_reply_count":0,"_bbp_topic_count_hidden":0,"_bbp_reply_count_hidden":0,"_bbp_forum_subforum_count":0,"footnotes":""},"categories":[69,4],"tags":[],"class_list":["post-20842","post","type-post","status-publish","format-standard","has-post-thumbnail","hentry","category-festes-i-projectes-descola","category-portada"],"post_mailing_queue_ids":[],"_links":{"self":[{"href":"https:\/\/agora.xtec.cat\/ceipjoanotalisanda\/wp-json\/wp\/v2\/posts\/20842","targetHints":{"allow":["GET"]}}],"collection":[{"href":"https:\/\/agora.xtec.cat\/ceipjoanotalisanda\/wp-json\/wp\/v2\/posts"}],"about":[{"href":"https:\/\/agora.xtec.cat\/ceipjoanotalisanda\/wp-json\/wp\/v2\/types\/post"}],"author":[{"embeddable":true,"href":"https:\/\/agora.xtec.cat\/ceipjoanotalisanda\/wp-json\/wp\/v2\/users\/1"}],"replies":[{"embeddable":true,"href":"https:\/\/agora.xtec.cat\/ceipjoanotalisanda\/wp-json\/wp\/v2\/comments?post=20842"}],"version-history":[{"count":5,"href":"https:\/\/agora.xtec.cat\/ceipjoanotalisanda\/wp-json\/wp\/v2\/posts\/20842\/revisions"}],"predecessor-version":[{"id":20853,"href":"https:\/\/agora.xtec.cat\/ceipjoanotalisanda\/wp-json\/wp\/v2\/posts\/20842\/revisions\/20853"}],"wp:featuredmedia":[{"embeddable":true,"href":"https:\/\/agora.xtec.cat\/ceipjoanotalisanda\/wp-json\/wp\/v2\/media\/20845"}],"wp:attachment":[{"href":"https:\/\/agora.xtec.cat\/ceipjoanotalisanda\/wp-json\/wp\/v2\/media?parent=20842"}],"wp:term":[{"taxonomy":"category","embeddable":true,"href":"https:\/\/agora.xtec.cat\/ceipjoanotalisanda\/wp-json\/wp\/v2\/categories?post=20842"},{"taxonomy":"post_tag","embeddable":true,"href":"https:\/\/agora.xtec.cat\/ceipjoanotalisanda\/wp-json\/wp\/v2\/tags?post=20842"}],"curies":[{"name":"wp","href":"https:\/\/api.w.org\/{rel}","templated":true}]}}