{"id":20297,"date":"2024-07-10T23:11:09","date_gmt":"2024-07-10T21:11:09","guid":{"rendered":"https:\/\/agora.xtec.cat\/ceipjoanotalisanda\/?p=20297"},"modified":"2024-09-18T21:47:31","modified_gmt":"2024-09-18T19:47:31","slug":"capses-daprenentatge","status":"publish","type":"post","link":"https:\/\/agora.xtec.cat\/ceipjoanotalisanda\/portada\/capses-daprenentatge\/","title":{"rendered":"Capses d&#8217;aprenentatge"},"content":{"rendered":"<p>Les \u00faltimes setmanes de curs hem comen\u00e7at a treballar amb capses d&#8217;aprenentatge amb l&#8217;alumnat de 3r. Han estat unes sessions molt engrescadores on l&#8217;alumnat ha resolt reptes matem\u00e0tics, han apr\u00e8s a programar amb Scratch o han millorat la seva ortografia de manera aut\u00f2noma i molt engrescadora.<a href=\"https:\/\/agora.xtec.cat\/ceipjoanotalisanda\/wp-content\/uploads\/usu1478\/2024\/07\/capses-8.jpg\"><img loading=\"lazy\" decoding=\"async\" class=\"alignnone wp-image-20305 size-thumbnail\" src=\"https:\/\/agora.xtec.cat\/ceipjoanotalisanda\/wp-content\/uploads\/usu1478\/2024\/07\/capses-8-150x150.jpg\" alt=\"\" width=\"150\" height=\"150\" \/><\/a><a href=\"https:\/\/agora.xtec.cat\/ceipjoanotalisanda\/wp-content\/uploads\/usu1478\/2024\/07\/capses-7.jpg\">\u00a0<\/a><a href=\"https:\/\/agora.xtec.cat\/ceipjoanotalisanda\/wp-content\/uploads\/usu1478\/2024\/07\/capses-7.jpg\"><img loading=\"lazy\" decoding=\"async\" class=\"alignnone wp-image-20304 size-thumbnail\" src=\"https:\/\/agora.xtec.cat\/ceipjoanotalisanda\/wp-content\/uploads\/usu1478\/2024\/07\/capses-7-150x150.jpg\" alt=\"\" width=\"150\" height=\"150\" \/><\/a> <a href=\"https:\/\/agora.xtec.cat\/ceipjoanotalisanda\/wp-content\/uploads\/usu1478\/2024\/07\/capses-6.jpg\"><img loading=\"lazy\" decoding=\"async\" class=\"alignnone wp-image-20303 size-thumbnail\" src=\"https:\/\/agora.xtec.cat\/ceipjoanotalisanda\/wp-content\/uploads\/usu1478\/2024\/07\/capses-6-150x150.jpg\" alt=\"\" width=\"150\" height=\"150\" \/><\/a> <a href=\"https:\/\/agora.xtec.cat\/ceipjoanotalisanda\/wp-content\/uploads\/usu1478\/2024\/07\/capses-5.jpg\"><img loading=\"lazy\" decoding=\"async\" class=\"alignnone wp-image-20302 size-thumbnail\" src=\"https:\/\/agora.xtec.cat\/ceipjoanotalisanda\/wp-content\/uploads\/usu1478\/2024\/07\/capses-5-150x150.jpg\" alt=\"\" width=\"150\" height=\"150\" \/><\/a> <a href=\"https:\/\/agora.xtec.cat\/ceipjoanotalisanda\/wp-content\/uploads\/usu1478\/2024\/07\/capses-4.jpg\"><img loading=\"lazy\" decoding=\"async\" class=\"alignnone wp-image-20301 size-thumbnail\" src=\"https:\/\/agora.xtec.cat\/ceipjoanotalisanda\/wp-content\/uploads\/usu1478\/2024\/07\/capses-4-150x150.jpg\" alt=\"\" width=\"150\" height=\"150\" \/><\/a> <a href=\"https:\/\/agora.xtec.cat\/ceipjoanotalisanda\/wp-content\/uploads\/usu1478\/2024\/07\/capses-3.jpg\"><img loading=\"lazy\" decoding=\"async\" class=\"alignnone wp-image-20300 size-thumbnail\" src=\"https:\/\/agora.xtec.cat\/ceipjoanotalisanda\/wp-content\/uploads\/usu1478\/2024\/07\/capses-3-150x150.jpg\" alt=\"\" width=\"150\" height=\"150\" \/><\/a> <a href=\"https:\/\/agora.xtec.cat\/ceipjoanotalisanda\/wp-content\/uploads\/usu1478\/2024\/07\/capses-2.jpg\"><img loading=\"lazy\" decoding=\"async\" class=\"alignnone wp-image-20299 size-thumbnail\" src=\"https:\/\/agora.xtec.cat\/ceipjoanotalisanda\/wp-content\/uploads\/usu1478\/2024\/07\/capses-2-150x150.jpg\" alt=\"\" width=\"150\" height=\"150\" \/><\/a> <a href=\"https:\/\/agora.xtec.cat\/ceipjoanotalisanda\/wp-content\/uploads\/usu1478\/2024\/07\/capses-1.jpg\"><img loading=\"lazy\" decoding=\"async\" class=\"alignnone wp-image-20298 size-thumbnail\" src=\"https:\/\/agora.xtec.cat\/ceipjoanotalisanda\/wp-content\/uploads\/usu1478\/2024\/07\/capses-1-150x150.jpg\" alt=\"\" width=\"150\" height=\"150\" \/><\/a><\/p>\n","protected":false},"excerpt":{"rendered":"<p>Les \u00faltimes setmanes de curs hem comen\u00e7at a treballar amb capses d&#8217;aprenentatge amb l&#8217;alumnat de 3r. Han estat unes sessions molt engrescadores on l&#8217;alumnat ha resolt reptes matem\u00e0tics, han apr\u00e8s a programar amb Scratch o han millorat la seva ortografia de manera aut\u00f2noma i molt&hellip;  <a href=\"https:\/\/agora.xtec.cat\/ceipjoanotalisanda\/portada\/capses-daprenentatge\/\" title=\"Read Capses d&#8217;aprenentatge\">Llegeix m\u00e9s\u00bb<\/a><\/p>\n","protected":false},"author":1,"featured_media":20302,"comment_status":"open","ping_status":"closed","sticky":false,"template":"","format":"standard","meta":{"_bbp_topic_count":0,"_bbp_reply_count":0,"_bbp_total_topic_count":0,"_bbp_total_reply_count":0,"_bbp_voice_count":0,"_bbp_anonymous_reply_count":0,"_bbp_topic_count_hidden":0,"_bbp_reply_count_hidden":0,"_bbp_forum_subforum_count":0,"footnotes":""},"categories":[4],"tags":[],"class_list":["post-20297","post","type-post","status-publish","format-standard","has-post-thumbnail","hentry","category-portada"],"post_mailing_queue_ids":[],"_links":{"self":[{"href":"https:\/\/agora.xtec.cat\/ceipjoanotalisanda\/wp-json\/wp\/v2\/posts\/20297","targetHints":{"allow":["GET"]}}],"collection":[{"href":"https:\/\/agora.xtec.cat\/ceipjoanotalisanda\/wp-json\/wp\/v2\/posts"}],"about":[{"href":"https:\/\/agora.xtec.cat\/ceipjoanotalisanda\/wp-json\/wp\/v2\/types\/post"}],"author":[{"embeddable":true,"href":"https:\/\/agora.xtec.cat\/ceipjoanotalisanda\/wp-json\/wp\/v2\/users\/1"}],"replies":[{"embeddable":true,"href":"https:\/\/agora.xtec.cat\/ceipjoanotalisanda\/wp-json\/wp\/v2\/comments?post=20297"}],"version-history":[{"count":1,"href":"https:\/\/agora.xtec.cat\/ceipjoanotalisanda\/wp-json\/wp\/v2\/posts\/20297\/revisions"}],"predecessor-version":[{"id":20306,"href":"https:\/\/agora.xtec.cat\/ceipjoanotalisanda\/wp-json\/wp\/v2\/posts\/20297\/revisions\/20306"}],"wp:featuredmedia":[{"embeddable":true,"href":"https:\/\/agora.xtec.cat\/ceipjoanotalisanda\/wp-json\/wp\/v2\/media\/20302"}],"wp:attachment":[{"href":"https:\/\/agora.xtec.cat\/ceipjoanotalisanda\/wp-json\/wp\/v2\/media?parent=20297"}],"wp:term":[{"taxonomy":"category","embeddable":true,"href":"https:\/\/agora.xtec.cat\/ceipjoanotalisanda\/wp-json\/wp\/v2\/categories?post=20297"},{"taxonomy":"post_tag","embeddable":true,"href":"https:\/\/agora.xtec.cat\/ceipjoanotalisanda\/wp-json\/wp\/v2\/tags?post=20297"}],"curies":[{"name":"wp","href":"https:\/\/api.w.org\/{rel}","templated":true}]}}