{"id":19848,"date":"2024-03-18T09:57:00","date_gmt":"2024-03-18T08:57:00","guid":{"rendered":"https:\/\/agora.xtec.cat\/ceipjoanotalisanda\/?p=19848"},"modified":"2024-03-18T09:57:00","modified_gmt":"2024-03-18T08:57:00","slug":"gran-recapte","status":"publish","type":"post","link":"https:\/\/agora.xtec.cat\/ceipjoanotalisanda\/general\/gran-recapte\/","title":{"rendered":"Gran recapte"},"content":{"rendered":"<p>Dimecres 13 va ser el Gran recapte d&#8217;aliments del Joanot Alisanda!!<\/p>\n<p>Despr\u00e9s de treballar l&#8217;ODS2 Fam0 durant tota la setmana, l&#8217;alumnat va convocar un Recapte per a recollir els aliments que l&#8217;entitat Rebost Solidari repartir\u00e0 a trav\u00e9s de la seva entitat.<\/p>\n<p>El recapte va ser un gran \u00e8xit i vam recollir m\u00e9s de 500 kg de menjar.\u00a0En acabat l&#8217;alumnat de sis\u00e8 va comptar el que hav\u00edem recollit i aquestes s\u00f3n les dades!!<\/p>\n<p><a href=\"https:\/\/agora.xtec.cat\/ceipjoanotalisanda\/wp-content\/uploads\/usu1478\/2024\/03\/Grafico-de-barras-apiladas-para-mostrar-datos-tabla-comparativa-con-categorias-moderno-multicolor.png\"><img loading=\"lazy\" decoding=\"async\" class=\"aligncenter size-full wp-image-19849\" src=\"https:\/\/agora.xtec.cat\/ceipjoanotalisanda\/wp-content\/uploads\/usu1478\/2024\/03\/Grafico-de-barras-apiladas-para-mostrar-datos-tabla-comparativa-con-categorias-moderno-multicolor.png\" alt=\"\" width=\"1024\" height=\"768\" srcset=\"https:\/\/agora.xtec.cat\/ceipjoanotalisanda\/wp-content\/uploads\/usu1478\/2024\/03\/Grafico-de-barras-apiladas-para-mostrar-datos-tabla-comparativa-con-categorias-moderno-multicolor.png 1024w, https:\/\/agora.xtec.cat\/ceipjoanotalisanda\/wp-content\/uploads\/usu1478\/2024\/03\/Grafico-de-barras-apiladas-para-mostrar-datos-tabla-comparativa-con-categorias-moderno-multicolor-300x225.png 300w, https:\/\/agora.xtec.cat\/ceipjoanotalisanda\/wp-content\/uploads\/usu1478\/2024\/03\/Grafico-de-barras-apiladas-para-mostrar-datos-tabla-comparativa-con-categorias-moderno-multicolor-768x576.png 768w, https:\/\/agora.xtec.cat\/ceipjoanotalisanda\/wp-content\/uploads\/usu1478\/2024\/03\/Grafico-de-barras-apiladas-para-mostrar-datos-tabla-comparativa-con-categorias-moderno-multicolor-200x150.png 200w\" sizes=\"auto, (max-width: 1024px) 100vw, 1024px\" \/><\/a><\/p>\n<p><a href=\"https:\/\/agora.xtec.cat\/ceipjoanotalisanda\/wp-content\/uploads\/usu1478\/2024\/03\/20240314_094900.jpg\"><img loading=\"lazy\" decoding=\"async\" class=\"wp-image-19850 size-medium alignleft\" src=\"https:\/\/agora.xtec.cat\/ceipjoanotalisanda\/wp-content\/uploads\/usu1478\/2024\/03\/20240314_094900-225x300.jpg\" alt=\"\" width=\"225\" height=\"300\" srcset=\"https:\/\/agora.xtec.cat\/ceipjoanotalisanda\/wp-content\/uploads\/usu1478\/2024\/03\/20240314_094900-225x300.jpg 225w, https:\/\/agora.xtec.cat\/ceipjoanotalisanda\/wp-content\/uploads\/usu1478\/2024\/03\/20240314_094900-768x1024.jpg 768w, https:\/\/agora.xtec.cat\/ceipjoanotalisanda\/wp-content\/uploads\/usu1478\/2024\/03\/20240314_094900.jpg 900w\" sizes=\"auto, (max-width: 225px) 100vw, 225px\" \/><\/a> <a href=\"https:\/\/agora.xtec.cat\/ceipjoanotalisanda\/wp-content\/uploads\/usu1478\/2024\/03\/20240314_095136.jpg\"><img loading=\"lazy\" decoding=\"async\" class=\"wp-image-19851 size-medium alignleft\" src=\"https:\/\/agora.xtec.cat\/ceipjoanotalisanda\/wp-content\/uploads\/usu1478\/2024\/03\/20240314_095136-225x300.jpg\" alt=\"\" width=\"225\" height=\"300\" srcset=\"https:\/\/agora.xtec.cat\/ceipjoanotalisanda\/wp-content\/uploads\/usu1478\/2024\/03\/20240314_095136-225x300.jpg 225w, https:\/\/agora.xtec.cat\/ceipjoanotalisanda\/wp-content\/uploads\/usu1478\/2024\/03\/20240314_095136-768x1024.jpg 768w, https:\/\/agora.xtec.cat\/ceipjoanotalisanda\/wp-content\/uploads\/usu1478\/2024\/03\/20240314_095136.jpg 900w\" sizes=\"auto, (max-width: 225px) 100vw, 225px\" \/><\/a> <a href=\"https:\/\/agora.xtec.cat\/ceipjoanotalisanda\/wp-content\/uploads\/usu1478\/2024\/03\/20240314_095102.jpg\"><img loading=\"lazy\" decoding=\"async\" class=\"wp-image-19852 size-medium alignleft\" src=\"https:\/\/agora.xtec.cat\/ceipjoanotalisanda\/wp-content\/uploads\/usu1478\/2024\/03\/20240314_095102-300x225.jpg\" alt=\"\" width=\"300\" height=\"225\" srcset=\"https:\/\/agora.xtec.cat\/ceipjoanotalisanda\/wp-content\/uploads\/usu1478\/2024\/03\/20240314_095102-300x225.jpg 300w, https:\/\/agora.xtec.cat\/ceipjoanotalisanda\/wp-content\/uploads\/usu1478\/2024\/03\/20240314_095102-1024x768.jpg 1024w, https:\/\/agora.xtec.cat\/ceipjoanotalisanda\/wp-content\/uploads\/usu1478\/2024\/03\/20240314_095102-768x576.jpg 768w, https:\/\/agora.xtec.cat\/ceipjoanotalisanda\/wp-content\/uploads\/usu1478\/2024\/03\/20240314_095102-200x150.jpg 200w, https:\/\/agora.xtec.cat\/ceipjoanotalisanda\/wp-content\/uploads\/usu1478\/2024\/03\/20240314_095102.jpg 1200w\" sizes=\"auto, (max-width: 300px) 100vw, 300px\" \/><\/a> <a href=\"https:\/\/agora.xtec.cat\/ceipjoanotalisanda\/wp-content\/uploads\/usu1478\/2024\/03\/20240314_095025.jpg\"><img loading=\"lazy\" decoding=\"async\" class=\"wp-image-19853 size-medium alignleft\" src=\"https:\/\/agora.xtec.cat\/ceipjoanotalisanda\/wp-content\/uploads\/usu1478\/2024\/03\/20240314_095025-300x225.jpg\" alt=\"\" width=\"300\" height=\"225\" srcset=\"https:\/\/agora.xtec.cat\/ceipjoanotalisanda\/wp-content\/uploads\/usu1478\/2024\/03\/20240314_095025-300x225.jpg 300w, https:\/\/agora.xtec.cat\/ceipjoanotalisanda\/wp-content\/uploads\/usu1478\/2024\/03\/20240314_095025-1024x768.jpg 1024w, https:\/\/agora.xtec.cat\/ceipjoanotalisanda\/wp-content\/uploads\/usu1478\/2024\/03\/20240314_095025-768x576.jpg 768w, https:\/\/agora.xtec.cat\/ceipjoanotalisanda\/wp-content\/uploads\/usu1478\/2024\/03\/20240314_095025-200x150.jpg 200w, https:\/\/agora.xtec.cat\/ceipjoanotalisanda\/wp-content\/uploads\/usu1478\/2024\/03\/20240314_095025.jpg 1200w\" sizes=\"auto, (max-width: 300px) 100vw, 300px\" \/><\/a> <a href=\"https:\/\/agora.xtec.cat\/ceipjoanotalisanda\/wp-content\/uploads\/usu1478\/2024\/03\/IMG_1556.jpg\"><img loading=\"lazy\" decoding=\"async\" class=\"alignleft wp-image-19854 size-medium\" src=\"https:\/\/agora.xtec.cat\/ceipjoanotalisanda\/wp-content\/uploads\/usu1478\/2024\/03\/IMG_1556-170x300.jpg\" alt=\"\" width=\"170\" height=\"300\" srcset=\"https:\/\/agora.xtec.cat\/ceipjoanotalisanda\/wp-content\/uploads\/usu1478\/2024\/03\/IMG_1556-170x300.jpg 170w, https:\/\/agora.xtec.cat\/ceipjoanotalisanda\/wp-content\/uploads\/usu1478\/2024\/03\/IMG_1556.jpg 362w\" sizes=\"auto, (max-width: 170px) 100vw, 170px\" \/><\/a> <a href=\"https:\/\/agora.xtec.cat\/ceipjoanotalisanda\/wp-content\/uploads\/usu1478\/2024\/03\/IMG_1555.jpg\"><img loading=\"lazy\" decoding=\"async\" class=\"alignleft wp-image-19855 size-medium\" src=\"https:\/\/agora.xtec.cat\/ceipjoanotalisanda\/wp-content\/uploads\/usu1478\/2024\/03\/IMG_1555-170x300.jpg\" alt=\"\" width=\"170\" height=\"300\" srcset=\"https:\/\/agora.xtec.cat\/ceipjoanotalisanda\/wp-content\/uploads\/usu1478\/2024\/03\/IMG_1555-170x300.jpg 170w, https:\/\/agora.xtec.cat\/ceipjoanotalisanda\/wp-content\/uploads\/usu1478\/2024\/03\/IMG_1555.jpg 362w\" sizes=\"auto, (max-width: 170px) 100vw, 170px\" \/><\/a> <a href=\"https:\/\/agora.xtec.cat\/ceipjoanotalisanda\/wp-content\/uploads\/usu1478\/2024\/03\/IMG_1554.jpg\"><img loading=\"lazy\" decoding=\"async\" class=\"alignleft wp-image-19856 size-medium\" src=\"https:\/\/agora.xtec.cat\/ceipjoanotalisanda\/wp-content\/uploads\/usu1478\/2024\/03\/IMG_1554-170x300.jpg\" alt=\"\" width=\"170\" height=\"300\" srcset=\"https:\/\/agora.xtec.cat\/ceipjoanotalisanda\/wp-content\/uploads\/usu1478\/2024\/03\/IMG_1554-170x300.jpg 170w, https:\/\/agora.xtec.cat\/ceipjoanotalisanda\/wp-content\/uploads\/usu1478\/2024\/03\/IMG_1554.jpg 362w\" sizes=\"auto, (max-width: 170px) 100vw, 170px\" \/><\/a><\/p>\n","protected":false},"excerpt":{"rendered":"<p>Dimecres 13 va ser el Gran recapte d&#8217;aliments del Joanot Alisanda!!<br \/>\nDespr\u00e9s de treballar l&#8217;ODS2 Fam0 durant tota la setmana, l&#8217;alumnat va convocar un Recapte per a recollir els aliments que l&#8217;entitat Rebost Solidari repartir\u00e0 a trav\u00e9s de la seva entitat.<br \/>\nEl recapte va ser un gran&hellip;  <a href=\"https:\/\/agora.xtec.cat\/ceipjoanotalisanda\/general\/gran-recapte\/\" title=\"Read Gran recapte\">Llegeix m\u00e9s\u00bb<\/a><\/p>\n","protected":false},"author":1,"featured_media":19849,"comment_status":"closed","ping_status":"closed","sticky":false,"template":"","format":"standard","meta":{"_bbp_topic_count":0,"_bbp_reply_count":0,"_bbp_total_topic_count":0,"_bbp_total_reply_count":0,"_bbp_voice_count":0,"_bbp_anonymous_reply_count":0,"_bbp_topic_count_hidden":0,"_bbp_reply_count_hidden":0,"_bbp_forum_subforum_count":0,"footnotes":""},"categories":[1,4],"tags":[],"class_list":["post-19848","post","type-post","status-publish","format-standard","has-post-thumbnail","hentry","category-general","category-portada"],"post_mailing_queue_ids":[],"_links":{"self":[{"href":"https:\/\/agora.xtec.cat\/ceipjoanotalisanda\/wp-json\/wp\/v2\/posts\/19848","targetHints":{"allow":["GET"]}}],"collection":[{"href":"https:\/\/agora.xtec.cat\/ceipjoanotalisanda\/wp-json\/wp\/v2\/posts"}],"about":[{"href":"https:\/\/agora.xtec.cat\/ceipjoanotalisanda\/wp-json\/wp\/v2\/types\/post"}],"author":[{"embeddable":true,"href":"https:\/\/agora.xtec.cat\/ceipjoanotalisanda\/wp-json\/wp\/v2\/users\/1"}],"replies":[{"embeddable":true,"href":"https:\/\/agora.xtec.cat\/ceipjoanotalisanda\/wp-json\/wp\/v2\/comments?post=19848"}],"version-history":[{"count":1,"href":"https:\/\/agora.xtec.cat\/ceipjoanotalisanda\/wp-json\/wp\/v2\/posts\/19848\/revisions"}],"predecessor-version":[{"id":19857,"href":"https:\/\/agora.xtec.cat\/ceipjoanotalisanda\/wp-json\/wp\/v2\/posts\/19848\/revisions\/19857"}],"wp:featuredmedia":[{"embeddable":true,"href":"https:\/\/agora.xtec.cat\/ceipjoanotalisanda\/wp-json\/wp\/v2\/media\/19849"}],"wp:attachment":[{"href":"https:\/\/agora.xtec.cat\/ceipjoanotalisanda\/wp-json\/wp\/v2\/media?parent=19848"}],"wp:term":[{"taxonomy":"category","embeddable":true,"href":"https:\/\/agora.xtec.cat\/ceipjoanotalisanda\/wp-json\/wp\/v2\/categories?post=19848"},{"taxonomy":"post_tag","embeddable":true,"href":"https:\/\/agora.xtec.cat\/ceipjoanotalisanda\/wp-json\/wp\/v2\/tags?post=19848"}],"curies":[{"name":"wp","href":"https:\/\/api.w.org\/{rel}","templated":true}]}}