{"id":19657,"date":"2024-02-25T20:44:58","date_gmt":"2024-02-25T19:44:58","guid":{"rendered":"https:\/\/agora.xtec.cat\/ceipjoanotalisanda\/?p=19657"},"modified":"2024-02-25T20:44:58","modified_gmt":"2024-02-25T19:44:58","slug":"setmana-de-la-fam-0","status":"publish","type":"post","link":"https:\/\/agora.xtec.cat\/ceipjoanotalisanda\/portada\/setmana-de-la-fam-0\/","title":{"rendered":"Setmana de la Fam 0"},"content":{"rendered":"<p>Aquest any hem estat treballant la Setmana de la Fam 0<\/p>\n<p>Tota l&#8217;escola ens hem sensibilitzat sobre la Fam que hi ha al planeta i al nostre voltant. Hem ent\u00e8s que \u00e9s important no malbaratar el menjar i hem pr\u00e8s consci\u00e8ncia d&#8217;aquest problema.<\/p>\n<p>Per tot aix\u00f2 hem decidit organitzar un gran recapte d&#8217;aliments el dia 13 de mar\u00e7 amb la col\u00b7laboraci\u00f3 del Rebost Solidari i hem cosit una bossa perqu\u00e8 quan anem a comprar, nom\u00e9s comprem all\u00f2 que necessitem i aix\u00ed evitarem malbaratar menjar.<\/p>\n<p>Tamb\u00e9 ens hem adonat que \u00e9s important acabar-nos all\u00f2 que tenim al plat i valorar la sort que tenim de poder tenir un plat a taula!!<\/p>\n<p>Us adjuntem un seguit de fotografies que resumeixen la feina que hem fet aquesta setmana.<\/p>\n<p><a href=\"https:\/\/drive.google.com\/file\/d\/1wFkd9J0oZUF8FkvVOalxZ3tBlHvQI8-T\/view?usp=sharing\" target=\"_blank\" rel=\"noopener\">V\u00eddeo Setmana de la Fam 0<\/a><\/p>\n","protected":false},"excerpt":{"rendered":"<p>Aquest any hem estat treballant la Setmana de la Fam 0<br \/>\nTota l&#8217;escola ens hem sensibilitzat sobre la Fam que hi ha al planeta i al nostre voltant. Hem ent\u00e8s que \u00e9s important no malbaratar el menjar i hem pr\u00e8s consci\u00e8ncia d&#8217;aquest problema.<br \/>\nPer tot aix\u00f2 hem&hellip;  <a href=\"https:\/\/agora.xtec.cat\/ceipjoanotalisanda\/portada\/setmana-de-la-fam-0\/\" title=\"Read Setmana de la Fam 0\">Llegeix m\u00e9s\u00bb<\/a><\/p>\n","protected":false},"author":1,"featured_media":19659,"comment_status":"closed","ping_status":"closed","sticky":false,"template":"","format":"standard","meta":{"_bbp_topic_count":0,"_bbp_reply_count":0,"_bbp_total_topic_count":0,"_bbp_total_reply_count":0,"_bbp_voice_count":0,"_bbp_anonymous_reply_count":0,"_bbp_topic_count_hidden":0,"_bbp_reply_count_hidden":0,"_bbp_forum_subforum_count":0,"footnotes":""},"categories":[4],"tags":[],"class_list":["post-19657","post","type-post","status-publish","format-standard","has-post-thumbnail","hentry","category-portada"],"post_mailing_queue_ids":[],"_links":{"self":[{"href":"https:\/\/agora.xtec.cat\/ceipjoanotalisanda\/wp-json\/wp\/v2\/posts\/19657","targetHints":{"allow":["GET"]}}],"collection":[{"href":"https:\/\/agora.xtec.cat\/ceipjoanotalisanda\/wp-json\/wp\/v2\/posts"}],"about":[{"href":"https:\/\/agora.xtec.cat\/ceipjoanotalisanda\/wp-json\/wp\/v2\/types\/post"}],"author":[{"embeddable":true,"href":"https:\/\/agora.xtec.cat\/ceipjoanotalisanda\/wp-json\/wp\/v2\/users\/1"}],"replies":[{"embeddable":true,"href":"https:\/\/agora.xtec.cat\/ceipjoanotalisanda\/wp-json\/wp\/v2\/comments?post=19657"}],"version-history":[{"count":1,"href":"https:\/\/agora.xtec.cat\/ceipjoanotalisanda\/wp-json\/wp\/v2\/posts\/19657\/revisions"}],"predecessor-version":[{"id":19660,"href":"https:\/\/agora.xtec.cat\/ceipjoanotalisanda\/wp-json\/wp\/v2\/posts\/19657\/revisions\/19660"}],"wp:featuredmedia":[{"embeddable":true,"href":"https:\/\/agora.xtec.cat\/ceipjoanotalisanda\/wp-json\/wp\/v2\/media\/19659"}],"wp:attachment":[{"href":"https:\/\/agora.xtec.cat\/ceipjoanotalisanda\/wp-json\/wp\/v2\/media?parent=19657"}],"wp:term":[{"taxonomy":"category","embeddable":true,"href":"https:\/\/agora.xtec.cat\/ceipjoanotalisanda\/wp-json\/wp\/v2\/categories?post=19657"},{"taxonomy":"post_tag","embeddable":true,"href":"https:\/\/agora.xtec.cat\/ceipjoanotalisanda\/wp-json\/wp\/v2\/tags?post=19657"}],"curies":[{"name":"wp","href":"https:\/\/api.w.org\/{rel}","templated":true}]}}