{"id":19473,"date":"2024-02-14T12:02:39","date_gmt":"2024-02-14T11:02:39","guid":{"rendered":"https:\/\/agora.xtec.cat\/ceipjoanotalisanda\/?p=19473"},"modified":"2024-03-13T13:19:59","modified_gmt":"2024-03-13T12:19:59","slug":"empowering-in-education","status":"publish","type":"post","link":"https:\/\/agora.xtec.cat\/ceipjoanotalisanda\/general\/empowering-in-education\/","title":{"rendered":"Empowering in Education"},"content":{"rendered":"<p>L\u2019escola participa en el projecte \u201c<strong><em><a href=\"https:\/\/www.uab.cat\/web\/mobilitat\/itineraris\/incoming-exchange-students\/e3-empowering-education-1345779189884.html\">EMPOWERING EDUCATION IN EUROPE<\/a>\u201d <\/em><\/strong>coordinat per l&#8217;UAB i les universitats d&#8217;\u00c0ustria, Dinamarca, Finl\u00e0ndia, Hongria, Irlanda, Pa\u00efsos Baixos i B\u00e8lgica. Aquest projecte t\u00e9 com a objectiu facilitar la mobilitat de futurs mestres europeus per fer pr\u00e0ctiques en altres pa\u00efsos i aix\u00ed enriquir-se\u2019n en la seva formaci\u00f3.<\/p>\n<p>El Joanot rebr\u00e0 dues estudiants, <strong>Indy<\/strong> dels Pa\u00efsos Baixos i <strong>Laura<\/strong> de Dinamarca. Elles s&#8217;hi estaran amb nosaltres des del 21 de febrer fins al 22 de maig.<\/p>\n<p><a href=\"https:\/\/agora.xtec.cat\/ceipjoanotalisanda\/wp-content\/uploads\/usu1478\/2024\/02\/globe-3383088_1280.jpg\"><img loading=\"lazy\" decoding=\"async\" class=\"alignnone size-large wp-image-19474\" src=\"https:\/\/agora.xtec.cat\/ceipjoanotalisanda\/wp-content\/uploads\/usu1478\/2024\/02\/globe-3383088_1280-1024x682.jpg\" alt=\"\" width=\"1024\" height=\"682\" srcset=\"https:\/\/agora.xtec.cat\/ceipjoanotalisanda\/wp-content\/uploads\/usu1478\/2024\/02\/globe-3383088_1280-1024x682.jpg 1024w, https:\/\/agora.xtec.cat\/ceipjoanotalisanda\/wp-content\/uploads\/usu1478\/2024\/02\/globe-3383088_1280-300x200.jpg 300w, https:\/\/agora.xtec.cat\/ceipjoanotalisanda\/wp-content\/uploads\/usu1478\/2024\/02\/globe-3383088_1280-768x512.jpg 768w, https:\/\/agora.xtec.cat\/ceipjoanotalisanda\/wp-content\/uploads\/usu1478\/2024\/02\/globe-3383088_1280.jpg 1280w\" sizes=\"auto, (max-width: 1024px) 100vw, 1024px\" \/><\/a><\/p>\n<p>Free image from Pixabay<\/p>\n","protected":false},"excerpt":{"rendered":"<p>L\u2019escola participa en el projecte \u201c<a href=\"https:\/\/www.uab.cat\/web\/mobilitat\/itineraris\/incoming-exchange-students\/e3-empowering-education-1345779189884.html\">EMPOWERING EDUCATION IN EUROPE<\/a>\u201d coordinat per l&#8217;UAB i les universitats d&#8217;\u00c0ustria, Dinamarca, Finl\u00e0ndia, Hongria, Irlanda, Pa\u00efsos Baixos i B\u00e8lgica. Aquest projecte t\u00e9 com a objectiu facilitar la mobilitat de futurs mestres europeus per fer pr\u00e0ctiques en altres pa\u00efsos i&hellip;  <a href=\"https:\/\/agora.xtec.cat\/ceipjoanotalisanda\/general\/empowering-in-education\/\" title=\"Read Empowering in Education\">Llegeix m\u00e9s\u00bb<\/a><\/p>\n","protected":false},"author":1,"featured_media":19474,"comment_status":"open","ping_status":"closed","sticky":false,"template":"","format":"standard","meta":{"_bbp_topic_count":0,"_bbp_reply_count":0,"_bbp_total_topic_count":0,"_bbp_total_reply_count":0,"_bbp_voice_count":0,"_bbp_anonymous_reply_count":0,"_bbp_topic_count_hidden":0,"_bbp_reply_count_hidden":0,"_bbp_forum_subforum_count":0,"footnotes":""},"categories":[79,1,4],"tags":[],"class_list":["post-19473","post","type-post","status-publish","format-standard","has-post-thumbnail","hentry","category-english","category-general","category-portada"],"post_mailing_queue_ids":[],"_links":{"self":[{"href":"https:\/\/agora.xtec.cat\/ceipjoanotalisanda\/wp-json\/wp\/v2\/posts\/19473","targetHints":{"allow":["GET"]}}],"collection":[{"href":"https:\/\/agora.xtec.cat\/ceipjoanotalisanda\/wp-json\/wp\/v2\/posts"}],"about":[{"href":"https:\/\/agora.xtec.cat\/ceipjoanotalisanda\/wp-json\/wp\/v2\/types\/post"}],"author":[{"embeddable":true,"href":"https:\/\/agora.xtec.cat\/ceipjoanotalisanda\/wp-json\/wp\/v2\/users\/1"}],"replies":[{"embeddable":true,"href":"https:\/\/agora.xtec.cat\/ceipjoanotalisanda\/wp-json\/wp\/v2\/comments?post=19473"}],"version-history":[{"count":6,"href":"https:\/\/agora.xtec.cat\/ceipjoanotalisanda\/wp-json\/wp\/v2\/posts\/19473\/revisions"}],"predecessor-version":[{"id":19813,"href":"https:\/\/agora.xtec.cat\/ceipjoanotalisanda\/wp-json\/wp\/v2\/posts\/19473\/revisions\/19813"}],"wp:featuredmedia":[{"embeddable":true,"href":"https:\/\/agora.xtec.cat\/ceipjoanotalisanda\/wp-json\/wp\/v2\/media\/19474"}],"wp:attachment":[{"href":"https:\/\/agora.xtec.cat\/ceipjoanotalisanda\/wp-json\/wp\/v2\/media?parent=19473"}],"wp:term":[{"taxonomy":"category","embeddable":true,"href":"https:\/\/agora.xtec.cat\/ceipjoanotalisanda\/wp-json\/wp\/v2\/categories?post=19473"},{"taxonomy":"post_tag","embeddable":true,"href":"https:\/\/agora.xtec.cat\/ceipjoanotalisanda\/wp-json\/wp\/v2\/tags?post=19473"}],"curies":[{"name":"wp","href":"https:\/\/api.w.org\/{rel}","templated":true}]}}