{"id":15354,"date":"2022-03-29T19:31:11","date_gmt":"2022-03-29T17:31:11","guid":{"rendered":"https:\/\/agora.xtec.cat\/ceipjoanotalisanda\/?p=15354"},"modified":"2023-10-10T17:43:08","modified_gmt":"2023-10-10T15:43:08","slug":"wave-it-erasmus-ka2","status":"publish","type":"post","link":"https:\/\/agora.xtec.cat\/ceipjoanotalisanda\/general\/wave-it-erasmus-ka2\/","title":{"rendered":"WAVE-IT\/ Erasmus+ KA2"},"content":{"rendered":"<p>La nostra escola participa en el programa Europeu + &#8220;<strong>WAVE-IT&#8221;<\/strong> (<em><strong>W<\/strong>orking <strong>A<\/strong>cademics <strong>V<\/strong>alue <strong>E<\/strong>xcellence for <strong>I<\/strong>nternational <strong>T<\/strong>eachers)<\/em>. \u00a0Aquest projecte est\u00e0 dissenyat i coordinat per la Univerzita Palack\u00e9ho &amp; Olomouci (Rep\u00fablica Txeca), per la Saxion University (Pa\u00efsos Baixos), pel University College of Teacher Education Styria (\u00c0ustria) i la Universitat Aut\u00f2noma de Barcelona.<\/p>\n<p>El projecte planteja l\u2019elaboraci\u00f3 d\u2019un conjunt de recomanacions pr\u00e0ctiques i intervencions d\u2019aprenentatge per promoure <strong>l\u2019emprenedoria social<\/strong> en els centres educatius de prim\u00e0ria i secund\u00e0ria, aix\u00ed com en la formaci\u00f3 del professorat.<\/p>\n<p>Aquesta setmana \u00e9s especialment important perqu\u00e8 la UAB, com a entitat participant, est\u00e0 celebrant un curs al qual han vingut convidats docents de prim\u00e0ria i secund\u00e0ria dels pa\u00efsos involucrats en el projecte.<\/p>\n<p>En el nostre cas, les mestres d&#8217;angl\u00e8s de la nostra escola han compartit l&#8217;experi\u00e8ncia &#8220;<strong>Refugees in the World<\/strong>&#8221; dins dels projectes de cohesi\u00f3 social. Aqu\u00ed us deixem algunes de les fotografies del moment de la presentaci\u00f3. Esperem que el curs sigui profit\u00f3s i que el nostre alumnat se&#8217;n pugui beneficiar del significat i d&#8217;algunes actuacions al voltant de l&#8217;emprenedoria social.<\/p>\n<p>&nbsp;<\/p>\n<figure class=\"figure wp-caption alignnone\"><a href=\"https:\/\/agora.xtec.cat\/ceipjoanotalisanda\/wp-content\/uploads\/usu1478\/2022\/03\/ERAS.jpg\"><img loading=\"lazy\" decoding=\"async\" class=\"size-full wp-image-15355\" src=\"https:\/\/agora.xtec.cat\/ceipjoanotalisanda\/wp-content\/uploads\/usu1478\/2022\/03\/ERAS.jpg\" alt=\"\" width=\"657\" height=\"286\" srcset=\"https:\/\/agora.xtec.cat\/ceipjoanotalisanda\/wp-content\/uploads\/usu1478\/2022\/03\/ERAS.jpg 657w, https:\/\/agora.xtec.cat\/ceipjoanotalisanda\/wp-content\/uploads\/usu1478\/2022\/03\/ERAS-300x131.jpg 300w\" sizes=\"auto, (max-width: 657px) 100vw, 657px\" \/><\/a><figcaption class=\"wp-caption-text\">Erasmus plus project<\/figcaption><\/figure>\n<p><a href=\"https:\/\/agora.xtec.cat\/ceipjoanotalisanda\/wp-content\/uploads\/usu1478\/2022\/03\/IMG-20220328-WA0004.jpg\"><img loading=\"lazy\" decoding=\"async\" class=\"alignnone size-large wp-image-15356\" src=\"https:\/\/agora.xtec.cat\/ceipjoanotalisanda\/wp-content\/uploads\/usu1478\/2022\/03\/IMG-20220328-WA0004-1024x765.jpg\" alt=\"\" width=\"1024\" height=\"765\" srcset=\"https:\/\/agora.xtec.cat\/ceipjoanotalisanda\/wp-content\/uploads\/usu1478\/2022\/03\/IMG-20220328-WA0004-1024x765.jpg 1024w, https:\/\/agora.xtec.cat\/ceipjoanotalisanda\/wp-content\/uploads\/usu1478\/2022\/03\/IMG-20220328-WA0004-300x224.jpg 300w, https:\/\/agora.xtec.cat\/ceipjoanotalisanda\/wp-content\/uploads\/usu1478\/2022\/03\/IMG-20220328-WA0004-768x574.jpg 768w, https:\/\/agora.xtec.cat\/ceipjoanotalisanda\/wp-content\/uploads\/usu1478\/2022\/03\/IMG-20220328-WA0004-1536x1148.jpg 1536w, https:\/\/agora.xtec.cat\/ceipjoanotalisanda\/wp-content\/uploads\/usu1478\/2022\/03\/IMG-20220328-WA0004-200x150.jpg 200w, https:\/\/agora.xtec.cat\/ceipjoanotalisanda\/wp-content\/uploads\/usu1478\/2022\/03\/IMG-20220328-WA0004.jpg 1600w\" sizes=\"auto, (max-width: 1024px) 100vw, 1024px\" \/><\/a> <a href=\"https:\/\/agora.xtec.cat\/ceipjoanotalisanda\/wp-content\/uploads\/usu1478\/2022\/03\/IMG-20220328-WA0015.jpg\"><img loading=\"lazy\" decoding=\"async\" class=\"alignnone size-large wp-image-15357\" src=\"https:\/\/agora.xtec.cat\/ceipjoanotalisanda\/wp-content\/uploads\/usu1478\/2022\/03\/IMG-20220328-WA0015-1024x472.jpg\" alt=\"\" width=\"1024\" height=\"472\" srcset=\"https:\/\/agora.xtec.cat\/ceipjoanotalisanda\/wp-content\/uploads\/usu1478\/2022\/03\/IMG-20220328-WA0015-1024x472.jpg 1024w, https:\/\/agora.xtec.cat\/ceipjoanotalisanda\/wp-content\/uploads\/usu1478\/2022\/03\/IMG-20220328-WA0015-300x138.jpg 300w, https:\/\/agora.xtec.cat\/ceipjoanotalisanda\/wp-content\/uploads\/usu1478\/2022\/03\/IMG-20220328-WA0015-768x354.jpg 768w, https:\/\/agora.xtec.cat\/ceipjoanotalisanda\/wp-content\/uploads\/usu1478\/2022\/03\/IMG-20220328-WA0015-1536x708.jpg 1536w, https:\/\/agora.xtec.cat\/ceipjoanotalisanda\/wp-content\/uploads\/usu1478\/2022\/03\/IMG-20220328-WA0015.jpg 2000w\" sizes=\"auto, (max-width: 1024px) 100vw, 1024px\" \/><\/a> <a href=\"https:\/\/agora.xtec.cat\/ceipjoanotalisanda\/wp-content\/uploads\/usu1478\/2022\/03\/IMG-20220328-WA0017.jpg\"><img loading=\"lazy\" decoding=\"async\" class=\"alignnone size-large wp-image-15358\" src=\"https:\/\/agora.xtec.cat\/ceipjoanotalisanda\/wp-content\/uploads\/usu1478\/2022\/03\/IMG-20220328-WA0017-1024x472.jpg\" alt=\"\" width=\"1024\" height=\"472\" srcset=\"https:\/\/agora.xtec.cat\/ceipjoanotalisanda\/wp-content\/uploads\/usu1478\/2022\/03\/IMG-20220328-WA0017-1024x472.jpg 1024w, https:\/\/agora.xtec.cat\/ceipjoanotalisanda\/wp-content\/uploads\/usu1478\/2022\/03\/IMG-20220328-WA0017-300x138.jpg 300w, https:\/\/agora.xtec.cat\/ceipjoanotalisanda\/wp-content\/uploads\/usu1478\/2022\/03\/IMG-20220328-WA0017-768x354.jpg 768w, https:\/\/agora.xtec.cat\/ceipjoanotalisanda\/wp-content\/uploads\/usu1478\/2022\/03\/IMG-20220328-WA0017-1536x708.jpg 1536w, https:\/\/agora.xtec.cat\/ceipjoanotalisanda\/wp-content\/uploads\/usu1478\/2022\/03\/IMG-20220328-WA0017.jpg 2000w\" sizes=\"auto, (max-width: 1024px) 100vw, 1024px\" \/><\/a> <a href=\"https:\/\/agora.xtec.cat\/ceipjoanotalisanda\/wp-content\/uploads\/usu1478\/2022\/03\/IMG-20220328-WA0018.jpg\"><img loading=\"lazy\" decoding=\"async\" class=\"alignnone size-large wp-image-15359\" src=\"https:\/\/agora.xtec.cat\/ceipjoanotalisanda\/wp-content\/uploads\/usu1478\/2022\/03\/IMG-20220328-WA0018-1024x472.jpg\" alt=\"\" width=\"1024\" height=\"472\" srcset=\"https:\/\/agora.xtec.cat\/ceipjoanotalisanda\/wp-content\/uploads\/usu1478\/2022\/03\/IMG-20220328-WA0018-1024x472.jpg 1024w, https:\/\/agora.xtec.cat\/ceipjoanotalisanda\/wp-content\/uploads\/usu1478\/2022\/03\/IMG-20220328-WA0018-300x138.jpg 300w, https:\/\/agora.xtec.cat\/ceipjoanotalisanda\/wp-content\/uploads\/usu1478\/2022\/03\/IMG-20220328-WA0018-768x354.jpg 768w, https:\/\/agora.xtec.cat\/ceipjoanotalisanda\/wp-content\/uploads\/usu1478\/2022\/03\/IMG-20220328-WA0018-1536x708.jpg 1536w, https:\/\/agora.xtec.cat\/ceipjoanotalisanda\/wp-content\/uploads\/usu1478\/2022\/03\/IMG-20220328-WA0018.jpg 2000w\" sizes=\"auto, (max-width: 1024px) 100vw, 1024px\" \/><\/a> <a href=\"https:\/\/agora.xtec.cat\/ceipjoanotalisanda\/wp-content\/uploads\/usu1478\/2022\/03\/IMG-20220328-WA0019.jpg\"><img loading=\"lazy\" decoding=\"async\" class=\"alignnone size-large wp-image-15360\" src=\"https:\/\/agora.xtec.cat\/ceipjoanotalisanda\/wp-content\/uploads\/usu1478\/2022\/03\/IMG-20220328-WA0019-1024x472.jpg\" alt=\"\" width=\"1024\" height=\"472\" srcset=\"https:\/\/agora.xtec.cat\/ceipjoanotalisanda\/wp-content\/uploads\/usu1478\/2022\/03\/IMG-20220328-WA0019-1024x472.jpg 1024w, https:\/\/agora.xtec.cat\/ceipjoanotalisanda\/wp-content\/uploads\/usu1478\/2022\/03\/IMG-20220328-WA0019-300x138.jpg 300w, https:\/\/agora.xtec.cat\/ceipjoanotalisanda\/wp-content\/uploads\/usu1478\/2022\/03\/IMG-20220328-WA0019-768x354.jpg 768w, https:\/\/agora.xtec.cat\/ceipjoanotalisanda\/wp-content\/uploads\/usu1478\/2022\/03\/IMG-20220328-WA0019-1536x708.jpg 1536w, https:\/\/agora.xtec.cat\/ceipjoanotalisanda\/wp-content\/uploads\/usu1478\/2022\/03\/IMG-20220328-WA0019.jpg 2000w\" sizes=\"auto, (max-width: 1024px) 100vw, 1024px\" \/><\/a> <a href=\"https:\/\/agora.xtec.cat\/ceipjoanotalisanda\/wp-content\/uploads\/usu1478\/2022\/03\/IMG-20220328-WA0020.jpg\"><img loading=\"lazy\" decoding=\"async\" class=\"alignnone size-large wp-image-15361\" src=\"https:\/\/agora.xtec.cat\/ceipjoanotalisanda\/wp-content\/uploads\/usu1478\/2022\/03\/IMG-20220328-WA0020-1024x472.jpg\" alt=\"\" width=\"1024\" height=\"472\" srcset=\"https:\/\/agora.xtec.cat\/ceipjoanotalisanda\/wp-content\/uploads\/usu1478\/2022\/03\/IMG-20220328-WA0020-1024x472.jpg 1024w, https:\/\/agora.xtec.cat\/ceipjoanotalisanda\/wp-content\/uploads\/usu1478\/2022\/03\/IMG-20220328-WA0020-300x138.jpg 300w, https:\/\/agora.xtec.cat\/ceipjoanotalisanda\/wp-content\/uploads\/usu1478\/2022\/03\/IMG-20220328-WA0020-768x354.jpg 768w, https:\/\/agora.xtec.cat\/ceipjoanotalisanda\/wp-content\/uploads\/usu1478\/2022\/03\/IMG-20220328-WA0020-1536x707.jpg 1536w, https:\/\/agora.xtec.cat\/ceipjoanotalisanda\/wp-content\/uploads\/usu1478\/2022\/03\/IMG-20220328-WA0020.jpg 2048w\" sizes=\"auto, (max-width: 1024px) 100vw, 1024px\" \/><\/a><\/p>\n","protected":false},"excerpt":{"rendered":"<p>La nostra escola participa en el programa Europeu + &#8220;WAVE-IT&#8221; (Working Academics Value Excellence for International Teachers). \u00a0Aquest projecte est\u00e0 dissenyat i coordinat per la Univerzita Palack\u00e9ho &amp; Olomouci (Rep\u00fablica Txeca), per la Saxion University (Pa\u00efsos Baixos), pel University College of Teacher Education Styria (\u00c0ustria)&hellip;  <a href=\"https:\/\/agora.xtec.cat\/ceipjoanotalisanda\/general\/wave-it-erasmus-ka2\/\" title=\"Read WAVE-IT\/ Erasmus+ KA2\">Llegeix m\u00e9s\u00bb<\/a><\/p>\n","protected":false},"author":1,"featured_media":15355,"comment_status":"closed","ping_status":"closed","sticky":false,"template":"","format":"standard","meta":{"_bbp_topic_count":0,"_bbp_reply_count":0,"_bbp_total_topic_count":0,"_bbp_total_reply_count":0,"_bbp_voice_count":0,"_bbp_anonymous_reply_count":0,"_bbp_topic_count_hidden":0,"_bbp_reply_count_hidden":0,"_bbp_forum_subforum_count":0,"footnotes":""},"categories":[79,68,1],"tags":[94,96,95,97],"class_list":["post-15354","post","type-post","status-publish","format-standard","has-post-thumbnail","hentry","category-english","category-escola","category-general","tag-erasmus-plus","tag-european-projects","tag-european-teachers","tag-social-entrepreneurship"],"post_mailing_queue_ids":[],"_links":{"self":[{"href":"https:\/\/agora.xtec.cat\/ceipjoanotalisanda\/wp-json\/wp\/v2\/posts\/15354","targetHints":{"allow":["GET"]}}],"collection":[{"href":"https:\/\/agora.xtec.cat\/ceipjoanotalisanda\/wp-json\/wp\/v2\/posts"}],"about":[{"href":"https:\/\/agora.xtec.cat\/ceipjoanotalisanda\/wp-json\/wp\/v2\/types\/post"}],"author":[{"embeddable":true,"href":"https:\/\/agora.xtec.cat\/ceipjoanotalisanda\/wp-json\/wp\/v2\/users\/1"}],"replies":[{"embeddable":true,"href":"https:\/\/agora.xtec.cat\/ceipjoanotalisanda\/wp-json\/wp\/v2\/comments?post=15354"}],"version-history":[{"count":3,"href":"https:\/\/agora.xtec.cat\/ceipjoanotalisanda\/wp-json\/wp\/v2\/posts\/15354\/revisions"}],"predecessor-version":[{"id":15367,"href":"https:\/\/agora.xtec.cat\/ceipjoanotalisanda\/wp-json\/wp\/v2\/posts\/15354\/revisions\/15367"}],"wp:featuredmedia":[{"embeddable":true,"href":"https:\/\/agora.xtec.cat\/ceipjoanotalisanda\/wp-json\/wp\/v2\/media\/15355"}],"wp:attachment":[{"href":"https:\/\/agora.xtec.cat\/ceipjoanotalisanda\/wp-json\/wp\/v2\/media?parent=15354"}],"wp:term":[{"taxonomy":"category","embeddable":true,"href":"https:\/\/agora.xtec.cat\/ceipjoanotalisanda\/wp-json\/wp\/v2\/categories?post=15354"},{"taxonomy":"post_tag","embeddable":true,"href":"https:\/\/agora.xtec.cat\/ceipjoanotalisanda\/wp-json\/wp\/v2\/tags?post=15354"}],"curies":[{"name":"wp","href":"https:\/\/api.w.org\/{rel}","templated":true}]}}