{"id":67,"count":0,"description":"<p style=\"text-align: center;\"><strong>POSEM NOM A LA BIBLIOTECA DEL JOANOT ALISANDA<\/strong><\/p>\r\n<p style=\"text-align: center;\"><strong>XAVIER SALOM\u00d3<a href=\"https:\/\/agora.xtec.cat\/ceipjoanotalisanda\/wp-content\/uploads\/usu1478\/2017\/01\/IMG_0045.jpg\"><img class=\"wp-image-1188 alignleft\" src=\"https:\/\/agora.xtec.cat\/ceipjoanotalisanda\/wp-content\/uploads\/usu1478\/2017\/01\/IMG_0045-1024x768.jpg\" alt=\"\" width=\"280\" height=\"210\" \/><\/a><\/strong><\/p>\r\nLa biblioteca de l\u2019Escola Joanot Alisanda ha estat des dels seus inicis un espai molt important per la vida de l\u2019escola i el creixement personal i cultural dels alumnes que hi han anat passant.\u00a0 Seguint el treball realitzat per totes aquelles persones que han col\u00b7laborat amb il\u00b7lusi\u00f3 al llarg dels anys en el seu manteniment, decoraci\u00f3 i realitzaci\u00f3 d\u2019activitats, aquest curs hem dut a terme un treball d\u2019adequaci\u00f3 i modernitzaci\u00f3\u00a0 de l\u2019espai i del fons de llibres. \u00a0L\u2019objectiu ha estat crear un espai multidisciplinari i din\u00e0mic on els infants sentin la necessitat de llegir, d\u2019ampliar coneixements, de cercar informaci\u00f3 o proposar projectes entre d\u2019altres activitats.\u00a0 Dins d\u2019aquesta nova perspectiva, a principis de curs ens vam plantejar la possibilitat de posar-li el nom d\u2019un escriptor o il\u00b7lustrador actual del Vall\u00e8s. Cap al mes d\u2019octubre es va demanar a les fam\u00edlies que fessin propostes per al futur nom de la Biblioteca. Un cop recollides, va sortir l\u2019il\u00b7lustrador \u00a0Xavier Salom\u00f3 i Fisa.\r\n\r\n<a href=\"https:\/\/agora.xtec.cat\/ceipjoanotalisanda\/wp-content\/uploads\/usu1478\/2018\/11\/BATEIG-15.jpg\"><img class=\"aligncenter  wp-image-2087\" src=\"https:\/\/agora.xtec.cat\/ceipjoanotalisanda\/wp-content\/uploads\/usu1478\/2018\/11\/BATEIG-15.jpg\" alt=\"\" width=\"390\" height=\"293\" \/><\/a>","link":"https:\/\/agora.xtec.cat\/ceipjoanotalisanda\/categoria\/biblioteca\/","name":"Biblioteca","slug":"biblioteca","taxonomy":"category","parent":0,"meta":[],"_links":{"self":[{"href":"https:\/\/agora.xtec.cat\/ceipjoanotalisanda\/wp-json\/wp\/v2\/categories\/67","targetHints":{"allow":["GET"]}}],"collection":[{"href":"https:\/\/agora.xtec.cat\/ceipjoanotalisanda\/wp-json\/wp\/v2\/categories"}],"about":[{"href":"https:\/\/agora.xtec.cat\/ceipjoanotalisanda\/wp-json\/wp\/v2\/taxonomies\/category"}],"wp:post_type":[{"href":"https:\/\/agora.xtec.cat\/ceipjoanotalisanda\/wp-json\/wp\/v2\/posts?categories=67"}],"curies":[{"name":"wp","href":"https:\/\/api.w.org\/{rel}","templated":true}]}}