{"id":985,"date":"2019-01-30T17:15:49","date_gmt":"2019-01-30T16:15:49","guid":{"rendered":"http:\/\/agora.xtec.cat\/ceipjoanmarquescasals\/?p=985"},"modified":"2019-10-01T15:47:20","modified_gmt":"2019-10-01T13:47:20","slug":"commemoracio-del-dia-de-la-no-violencia-i-de-la-pau","status":"publish","type":"post","link":"https:\/\/agora.xtec.cat\/ceipjoanmarquescasals\/any-2018-2019\/commemoracio-del-dia-de-la-no-violencia-i-de-la-pau\/","title":{"rendered":"COMMEMORACI\u00d3 DEL DIA DE LA NO VIOL\u00c8NCIA I LA PAU"},"content":{"rendered":"<p>Hola fam\u00edlies!!!<\/p>\n<p>Avui \u00e9s el Dia Escolar de la No-Viol\u00e8ncia i la Pau. Cada trenta de gener es celebra el DENIP en commemoraci\u00f3 de l\u2019aniversari de la mort del Mahatma Gandhi.<\/p>\n<p>Per aquest motiu, al llarg del mat\u00ed, els nens i les nenes de l\u2019escola hem estat parlant d\u2019aquest tema a les aules i hem fet diferents activitats. Hem cantat can\u00e7ons, hem fet debats, hem escoltat contes, hem fet murals, hem dibuixat el colom de la pau, hem reflexionat sobre qu\u00e8 haur\u00edem de fer per tenir un m\u00f3n on la pau arrib\u00e9s a tot arreu&#8230; A m\u00e9s a m\u00e9s, hem vingut tots vestits de blanc, que \u00e9s el color de la pau, per mostrar les nostres ganes de celebrar aquest dia.<\/p>\n<p>A la tarda, hem sortit tots al pati i hem representat el s\u00edmbol de la pau. N\u2019hem constru\u00eft el s\u00edmbol amb l\u2019ajuda de tothom, perqu\u00e8 nom\u00e9s treballant plegats podem construir la pau.<\/p>\n<p>Tamb\u00e9, tots junts, hem fet sentir la nostra veu cantant la can\u00e7\u00f3 EL M\u00d3N SERIA M\u00c9S FELI\u00c7. Aquest volem que sigui el nostre missatge, volem pau al m\u00f3n per tal que tothom pugui ser feli\u00e7. Hem de seguir treballant per, entre tots, poder-ho aconseguir.<\/p>\n<p>Ha estat un dia molt especial i molt emocionant.<\/p>\n<p><a href=\"https:\/\/agora.xtec.cat\/ceipjoanmarquescasals\/wp-content\/uploads\/usu1790\/2019\/01\/pau-ESCOLA55.jpg\">\u00a0\u00a0\u00a0\u00a0\u00a0\u00a0\u00a0 <\/a><a href=\"https:\/\/agora.xtec.cat\/ceipjoanmarquescasals\/wp-content\/uploads\/usu1790\/2019\/01\/canviss-0190130_154544.jpg\"><img loading=\"lazy\" decoding=\"async\" class=\"size-large wp-image-992 alignleft\" src=\"https:\/\/agora.xtec.cat\/ceipjoanmarquescasals\/wp-content\/uploads\/usu1790\/2019\/01\/canviss-0190130_154544-1024x498.jpg\" alt=\"\" width=\"1024\" height=\"498\" srcset=\"https:\/\/agora.xtec.cat\/ceipjoanmarquescasals\/wp-content\/uploads\/usu1790\/2019\/01\/canviss-0190130_154544-1024x498.jpg 1024w, https:\/\/agora.xtec.cat\/ceipjoanmarquescasals\/wp-content\/uploads\/usu1790\/2019\/01\/canviss-0190130_154544-300x146.jpg 300w, https:\/\/agora.xtec.cat\/ceipjoanmarquescasals\/wp-content\/uploads\/usu1790\/2019\/01\/canviss-0190130_154544-768x374.jpg 768w, https:\/\/agora.xtec.cat\/ceipjoanmarquescasals\/wp-content\/uploads\/usu1790\/2019\/01\/canviss-0190130_154544.jpg 1694w\" sizes=\"auto, (max-width: 1024px) 100vw, 1024px\" \/><\/a><a href=\"https:\/\/agora.xtec.cat\/ceipjoanmarquescasals\/wp-content\/uploads\/usu1790\/2019\/01\/collage_3920x2940.jpg\">\u00a0<img loading=\"lazy\" decoding=\"async\" class=\"size-large wp-image-989 alignleft\" src=\"https:\/\/agora.xtec.cat\/ceipjoanmarquescasals\/wp-content\/uploads\/usu1790\/2019\/01\/collage_3920x2940-1024x768.jpg\" alt=\"\" width=\"1024\" height=\"768\" srcset=\"https:\/\/agora.xtec.cat\/ceipjoanmarquescasals\/wp-content\/uploads\/usu1790\/2019\/01\/collage_3920x2940-1024x768.jpg 1024w, https:\/\/agora.xtec.cat\/ceipjoanmarquescasals\/wp-content\/uploads\/usu1790\/2019\/01\/collage_3920x2940-300x225.jpg 300w, https:\/\/agora.xtec.cat\/ceipjoanmarquescasals\/wp-content\/uploads\/usu1790\/2019\/01\/collage_3920x2940-768x576.jpg 768w, https:\/\/agora.xtec.cat\/ceipjoanmarquescasals\/wp-content\/uploads\/usu1790\/2019\/01\/collage_3920x2940-200x150.jpg 200w\" sizes=\"auto, (max-width: 1024px) 100vw, 1024px\" \/><\/a><\/p>\n<p><a href=\"https:\/\/agora.xtec.cat\/ceipjoanmarquescasals\/wp-content\/uploads\/usu1790\/2019\/01\/pau-ESCOLA55.jpg\"><img loading=\"lazy\" decoding=\"async\" class=\"alignnone wp-image-987\" src=\"https:\/\/agora.xtec.cat\/ceipjoanmarquescasals\/wp-content\/uploads\/usu1790\/2019\/01\/pau-ESCOLA55-300x200.jpg\" alt=\"\" width=\"360\" height=\"240\" srcset=\"https:\/\/agora.xtec.cat\/ceipjoanmarquescasals\/wp-content\/uploads\/usu1790\/2019\/01\/pau-ESCOLA55-300x200.jpg 300w, https:\/\/agora.xtec.cat\/ceipjoanmarquescasals\/wp-content\/uploads\/usu1790\/2019\/01\/pau-ESCOLA55-768x512.jpg 768w, https:\/\/agora.xtec.cat\/ceipjoanmarquescasals\/wp-content\/uploads\/usu1790\/2019\/01\/pau-ESCOLA55-1024x682.jpg 1024w, https:\/\/agora.xtec.cat\/ceipjoanmarquescasals\/wp-content\/uploads\/usu1790\/2019\/01\/pau-ESCOLA55.jpg 1732w\" sizes=\"auto, (max-width: 360px) 100vw, 360px\" \/><\/a><a href=\"https:\/\/agora.xtec.cat\/ceipjoanmarquescasals\/wp-content\/uploads\/usu1790\/2019\/01\/pau-ESCOLA55.jpg\">\u00a0\u00a0\u00a0<\/a><a href=\"https:\/\/agora.xtec.cat\/ceipjoanmarquescasals\/wp-content\/uploads\/usu1790\/2019\/01\/pau-ESCOLA52.jpg\"><img loading=\"lazy\" decoding=\"async\" class=\"alignnone wp-image-986\" src=\"https:\/\/agora.xtec.cat\/ceipjoanmarquescasals\/wp-content\/uploads\/usu1790\/2019\/01\/pau-ESCOLA52-300x200.jpg\" alt=\"\" width=\"357\" height=\"238\" srcset=\"https:\/\/agora.xtec.cat\/ceipjoanmarquescasals\/wp-content\/uploads\/usu1790\/2019\/01\/pau-ESCOLA52-300x200.jpg 300w, https:\/\/agora.xtec.cat\/ceipjoanmarquescasals\/wp-content\/uploads\/usu1790\/2019\/01\/pau-ESCOLA52-768x512.jpg 768w, https:\/\/agora.xtec.cat\/ceipjoanmarquescasals\/wp-content\/uploads\/usu1790\/2019\/01\/pau-ESCOLA52-1024x682.jpg 1024w, https:\/\/agora.xtec.cat\/ceipjoanmarquescasals\/wp-content\/uploads\/usu1790\/2019\/01\/pau-ESCOLA52.jpg 1732w\" sizes=\"auto, (max-width: 357px) 100vw, 357px\" \/><\/a><\/p>\n","protected":false},"excerpt":{"rendered":"<p>Hola fam\u00edlies!!!<br \/>\nAvui \u00e9s el Dia Escolar de la No-Viol\u00e8ncia i la Pau. Cada trenta de gener es celebra el DENIP en commemoraci\u00f3 de l\u2019aniversari de la mort del Mahatma Gandhi.<br \/>\nPer aquest motiu, al llarg del mat\u00ed, els nens i les nenes de l\u2019escola hem estat&hellip;  <a href=\"https:\/\/agora.xtec.cat\/ceipjoanmarquescasals\/any-2018-2019\/commemoracio-del-dia-de-la-no-violencia-i-de-la-pau\/\" title=\"Read COMMEMORACI\u00d3 DEL DIA DE LA NO VIOL\u00c8NCIA I LA PAU\">Llegeix m\u00e9s\u00bb<\/a><\/p>\n","protected":false},"author":1,"featured_media":989,"comment_status":"open","ping_status":"closed","sticky":false,"template":"","format":"standard","meta":{"_bbp_topic_count":0,"_bbp_reply_count":0,"_bbp_total_topic_count":0,"_bbp_total_reply_count":0,"_bbp_voice_count":0,"_bbp_anonymous_reply_count":0,"_bbp_topic_count_hidden":0,"_bbp_reply_count_hidden":0,"_bbp_forum_subforum_count":0,"footnotes":""},"categories":[188],"tags":[],"class_list":["post-985","post","type-post","status-publish","format-standard","has-post-thumbnail","hentry","category-any-2018-2019"],"post_mailing_queue_ids":[],"_links":{"self":[{"href":"https:\/\/agora.xtec.cat\/ceipjoanmarquescasals\/wp-json\/wp\/v2\/posts\/985","targetHints":{"allow":["GET"]}}],"collection":[{"href":"https:\/\/agora.xtec.cat\/ceipjoanmarquescasals\/wp-json\/wp\/v2\/posts"}],"about":[{"href":"https:\/\/agora.xtec.cat\/ceipjoanmarquescasals\/wp-json\/wp\/v2\/types\/post"}],"author":[{"embeddable":true,"href":"https:\/\/agora.xtec.cat\/ceipjoanmarquescasals\/wp-json\/wp\/v2\/users\/1"}],"replies":[{"embeddable":true,"href":"https:\/\/agora.xtec.cat\/ceipjoanmarquescasals\/wp-json\/wp\/v2\/comments?post=985"}],"version-history":[{"count":4,"href":"https:\/\/agora.xtec.cat\/ceipjoanmarquescasals\/wp-json\/wp\/v2\/posts\/985\/revisions"}],"predecessor-version":[{"id":995,"href":"https:\/\/agora.xtec.cat\/ceipjoanmarquescasals\/wp-json\/wp\/v2\/posts\/985\/revisions\/995"}],"wp:featuredmedia":[{"embeddable":true,"href":"https:\/\/agora.xtec.cat\/ceipjoanmarquescasals\/wp-json\/wp\/v2\/media\/989"}],"wp:attachment":[{"href":"https:\/\/agora.xtec.cat\/ceipjoanmarquescasals\/wp-json\/wp\/v2\/media?parent=985"}],"wp:term":[{"taxonomy":"category","embeddable":true,"href":"https:\/\/agora.xtec.cat\/ceipjoanmarquescasals\/wp-json\/wp\/v2\/categories?post=985"},{"taxonomy":"post_tag","embeddable":true,"href":"https:\/\/agora.xtec.cat\/ceipjoanmarquescasals\/wp-json\/wp\/v2\/tags?post=985"}],"curies":[{"name":"wp","href":"https:\/\/api.w.org\/{rel}","templated":true}]}}